{"id":46929,"date":"2025-04-13T12:45:14","date_gmt":"2025-04-13T12:45:14","guid":{"rendered":"https:\/\/247stiri.ro\/index.php\/2025\/04\/13\/suveranistul-vopsit-se-dezice-de-orice-vina-avuta-in-cazul-inundatiilor-n-a-murit-nimeni\/"},"modified":"2025-04-13T12:45:14","modified_gmt":"2025-04-13T12:45:14","slug":"suveranistul-vopsit-se-dezice-de-orice-vina-avuta-in-cazul-inundatiilor-n-a-murit-nimeni","status":"publish","type":"post","link":"https:\/\/247stiri.ro\/index.php\/2025\/04\/13\/suveranistul-vopsit-se-dezice-de-orice-vina-avuta-in-cazul-inundatiilor-n-a-murit-nimeni\/","title":{"rendered":"Suveranistul vopsit se dezice de orice vin\u0103 avut\u0103 \u00een cazul inunda\u021biilor: \u201eN-a murit nimeni!\u201d"},"content":{"rendered":"<p>Credinciosul de gum\u0103 care se viseaz\u0103 la Cotroceni spune c\u0103 moderatoarea emisiunii Culisele Statului Paralel l-a sf\u0103tuit s\u0103 nu comunice cele \u00eent\u00e2mplate la vremea aceea. \u201eInima mea e \u00eemp\u0103cat\u0103\u201d, declar\u0103 Ponta, dup\u0103 ce a nenorocit sute de rom\u00e2ni.\u00a0<\/p>\n<p>Ponta minte \u00een zi de s\u0103rb\u0103toare: \u201eAnca Alexandrescu e de vin\u0103!\u201d<\/p>\n<p>\u201eAm venit aici&#8230; sunt la cetate, am vorbit cu localnicii cu autorit\u0103\u021bile \u0219i inima mea e mai \u00eemp\u0103cat\u0103 acum. Mi-au spus: nu a murit niciun om, niciun animal&#8230; la domnul Dinescu a ajuns apa la debarcader sau la dig, dar nu s-a \u00eent\u00e2mplat absolut nimic.<\/p>\n<p>M\u0103 mai \u00eentreab\u0103 dac\u0103 l-am inundat pe domnul Dinescu, nu l-am inundat, aia a fost gre\u0219eala mea&#8230;c\u0103 am zis de Dinescu. Are dreptate, \u00een mintea mea s-a confundat 2006, \u00een 2014 nu a primit desp\u0103gubiri c\u0103 nu a avut nicio panic\u0103 \u0219i a avut dreptate s\u0103 m\u0103 certe&#8230;dar nu, nu a fost nici inundat \u0219i nici nu a primit nicio desp\u0103gubire.<\/p>\n<p>De ce nu am anun\u021bat atunci? P\u0103i era consiliera mea Anca Alexandrescu o cheam\u0103, ea era consiliera \u00een 2014 era cu mine tot timpul \u0219i nefiind nicio victim\u0103, nicio persoan\u0103 \u00een gospod\u0103rie, ea a g\u00e2ndit bine atunci&#8230; c\u0103 nu avem ce sa comunic\u0103m de ni\u0219te terenuri inundate. Erau probleme \u00een alte p\u0103r\u021bi ale \u021b\u0103rii \u0219i a\u0219a a g\u00e2ndit Anca atunci.\u201d, a zis <a href=\"https:\/\/www.realitatea.net\/stiri\/politica\/de-ce-nu-sia-declarat-ponta-toate-casele-motivul-halucinant_67fb9de7961705206c12eca3\" target=\"_blank\">Victor Ponta.<\/a><\/p>","protected":false},"excerpt":{"rendered":"<p>Credinciosul de gum\u0103 care se viseaz\u0103 la Cotroceni spune c\u0103 moderatoarea emisiunii Culisele Statului Paralel&hellip;<\/p>\n","protected":false},"author":0,"featured_media":46930,"comment_status":"open","ping_status":"open","sticky":false,"template":"","format":"standard","meta":{"footnotes":""},"categories":[3],"tags":[],"class_list":["post-46929","post","type-post","status-publish","format-standard","has-post-thumbnail","hentry","category-politica"],"_links":{"self":[{"href":"https:\/\/247stiri.ro\/index.php\/wp-json\/wp\/v2\/posts\/46929","targetHints":{"allow":["GET"]}}],"collection":[{"href":"https:\/\/247stiri.ro\/index.php\/wp-json\/wp\/v2\/posts"}],"about":[{"href":"https:\/\/247stiri.ro\/index.php\/wp-json\/wp\/v2\/types\/post"}],"replies":[{"embeddable":true,"href":"https:\/\/247stiri.ro\/index.php\/wp-json\/wp\/v2\/comments?post=46929"}],"version-history":[{"count":0,"href":"https:\/\/247stiri.ro\/index.php\/wp-json\/wp\/v2\/posts\/46929\/revisions"}],"wp:featuredmedia":[{"embeddable":true,"href":"https:\/\/247stiri.ro\/index.php\/wp-json\/wp\/v2\/media\/46930"}],"wp:attachment":[{"href":"https:\/\/247stiri.ro\/index.php\/wp-json\/wp\/v2\/media?parent=46929"}],"wp:term":[{"taxonomy":"category","embeddable":true,"href":"https:\/\/247stiri.ro\/index.php\/wp-json\/wp\/v2\/categories?post=46929"},{"taxonomy":"post_tag","embeddable":true,"href":"https:\/\/247stiri.ro\/index.php\/wp-json\/wp\/v2\/tags?post=46929"}],"curies":[{"name":"wp","href":"https:\/\/api.w.org\/{rel}","templated":true}]}}