{"id":46956,"date":"2025-04-13T14:44:54","date_gmt":"2025-04-13T14:44:54","guid":{"rendered":"https:\/\/247stiri.ro\/index.php\/2025\/04\/13\/george-simion-dezvaluie-aspecte-nestiute-de-romani-calin-georgescu-urma-sa-vina-in-austria-inainte-de-blocare\/"},"modified":"2025-04-13T14:44:54","modified_gmt":"2025-04-13T14:44:54","slug":"george-simion-dezvaluie-aspecte-nestiute-de-romani-calin-georgescu-urma-sa-vina-in-austria-inainte-de-blocare","status":"publish","type":"post","link":"https:\/\/247stiri.ro\/index.php\/2025\/04\/13\/george-simion-dezvaluie-aspecte-nestiute-de-romani-calin-georgescu-urma-sa-vina-in-austria-inainte-de-blocare\/","title":{"rendered":"George Simion dezv\u0103luie aspecte ne\u0219tiute de rom\u00e2ni: C\u0103lin Georgescu urma s\u0103 vin\u0103 \u00een Austria \u00eenainte de blocare"},"content":{"rendered":"<p>\u201e\u00cen februarie eram la Munchen, f\u0103ceam aceeasi conferin\u021b\u0103 din acelasi ciclu de conferin\u021be cu rom\u00e2nii de dincolo de grani\u021be \u0219i se g\u00e2ndeau colegii de aici din Austria cum s\u0103 reusim la alegerile ilegitime repetate din luna mai s\u0103 c\u00e2\u0219tige domnul C\u0103lin Georgescu \u00eenc\u0103 din primul tur \u0219i spunea c\u0103 ar fi foarte bine s\u0103 vin\u0103 C\u0103lin Georgescu la aceast\u0103 conferin\u021b\u0103 s\u0103 le vorbeasc\u0103 rom\u00e2nilor s\u0103-i \u00eensufle\u021beasc\u0103, s\u0103-i \u00eemputerniceasc\u0103 ca el la randul lor sa convinga un numar cat mai mare de romani sa mearga la vot\u00a0Dupa 35 de ani \u00een care am fost condu\u0219i tot de ei, tot cei care erau la putere \u0219i ne-au p\u0103c\u0103lit cu diversiunea numita terori\u0219ti, l-au \u00eempu\u0219cat pe Nicolae Ceausescu \u0219i s-au mentinut la putere, chiar \u0219i cotiza\u021biile le str\u00e2ngeau \u00een acelea\u0219i conturi, dup\u0103 35 de ani ne-am dat seama c\u00e2t de tare am fost min\u021bi\u021bi\u201d, a spus George Simion \u00een cadrul unui miting electoral.<\/p>\n<p><a title='George Simion: ,,Este o mare problema cu modul in care au scos-o pe Lasconi!\"' href=\"https:\/\/www.realitatea.net\/stiri\/politica\/george-simion-este-o-mare-problema-cu-modul-in-care-au-scoso-pe-lasconi_67fb4cd5ffcf37739606cfa2\">George Simion: \u201eEste o mare problem\u0103 cu modul \u00een care au scos-o pe Lasconi!\u201d<\/a><\/p>","protected":false},"excerpt":{"rendered":"<p>\u201e\u00cen februarie eram la Munchen, f\u0103ceam aceeasi conferin\u021b\u0103 din acelasi ciclu de conferin\u021be cu rom\u00e2nii&hellip;<\/p>\n","protected":false},"author":0,"featured_media":46954,"comment_status":"open","ping_status":"open","sticky":false,"template":"","format":"standard","meta":{"footnotes":""},"categories":[2],"tags":[],"class_list":["post-46956","post","type-post","status-publish","format-standard","has-post-thumbnail","hentry","category-actual"],"_links":{"self":[{"href":"https:\/\/247stiri.ro\/index.php\/wp-json\/wp\/v2\/posts\/46956","targetHints":{"allow":["GET"]}}],"collection":[{"href":"https:\/\/247stiri.ro\/index.php\/wp-json\/wp\/v2\/posts"}],"about":[{"href":"https:\/\/247stiri.ro\/index.php\/wp-json\/wp\/v2\/types\/post"}],"replies":[{"embeddable":true,"href":"https:\/\/247stiri.ro\/index.php\/wp-json\/wp\/v2\/comments?post=46956"}],"version-history":[{"count":0,"href":"https:\/\/247stiri.ro\/index.php\/wp-json\/wp\/v2\/posts\/46956\/revisions"}],"wp:featuredmedia":[{"embeddable":true,"href":"https:\/\/247stiri.ro\/index.php\/wp-json\/wp\/v2\/media\/46954"}],"wp:attachment":[{"href":"https:\/\/247stiri.ro\/index.php\/wp-json\/wp\/v2\/media?parent=46956"}],"wp:term":[{"taxonomy":"category","embeddable":true,"href":"https:\/\/247stiri.ro\/index.php\/wp-json\/wp\/v2\/categories?post=46956"},{"taxonomy":"post_tag","embeddable":true,"href":"https:\/\/247stiri.ro\/index.php\/wp-json\/wp\/v2\/tags?post=46956"}],"curies":[{"name":"wp","href":"https:\/\/api.w.org\/{rel}","templated":true}]}}