{"id":46957,"date":"2025-04-13T14:44:54","date_gmt":"2025-04-13T14:44:54","guid":{"rendered":"https:\/\/247stiri.ro\/index.php\/2025\/04\/13\/armata-franceza-cartografiaza-teritoriul-romaniei-pentru-planificarea-operationala-a-nato-pe-fondul-intensificarii-tensiunilor-cu-rusia\/"},"modified":"2025-04-13T14:44:54","modified_gmt":"2025-04-13T14:44:54","slug":"armata-franceza-cartografiaza-teritoriul-romaniei-pentru-planificarea-operationala-a-nato-pe-fondul-intensificarii-tensiunilor-cu-rusia","status":"publish","type":"post","link":"https:\/\/247stiri.ro\/index.php\/2025\/04\/13\/armata-franceza-cartografiaza-teritoriul-romaniei-pentru-planificarea-operationala-a-nato-pe-fondul-intensificarii-tensiunilor-cu-rusia\/","title":{"rendered":"Armata francez\u0103 cartografiaz\u0103 teritoriul Rom\u00e2niei pentru planificarea opera\u0163ional\u0103 a NATO, pe fondul intensific\u0103rii tensiunilor cu Rusia"},"content":{"rendered":"<p>Aceast\u0103 unitate, care reprezint\u0103 cea mai mic\u0103 forma\u021biune din armata francez\u0103, este compus\u0103 din 350 de solda\u021bi \u0219i \u00ee\u0219i are baza la Haguenau, \u00een estul Fran\u021bei, \u00een apropierea altor unit\u0103\u021bi specializate \u00een informa\u021bii militare. \u00cencep\u00e2nd din toamna anului trecut, regimentul a fost plasat sub comanda Brig\u0103zii de Geniu, subliniind astfel importan\u021ba sa \u00een sprijinul opera\u021biunilor de teren.<\/p>\n<p>Dup\u0103 finalizarea misiunii \u00een Rom\u00e2nia, cartografii au adus \u00eenapoi o hart\u0103 simbolic\u0103, pe care au expus-o \u00eentr-unul dintre coridoarele statului major. Aceast\u0103 hart\u0103, care are o semnifica\u021bie dubl\u0103, serve\u0219te at\u00e2t ca amintire, c\u00e2t \u0219i ca prefigurare a viitoarelor misiuni. Realizat\u0103 \u00een format tridimensional, harta ilustreaz\u0103 relieful rom\u00e2nesc \u0219i scoate \u00een eviden\u021b\u0103 lan\u021bul Mun\u021bilor Carpa\u021bi, care se \u00eentinde ca un arc \u00een centrul \u021b\u0103rii.<\/p>\n<p>Ora\u0219ul Cincu, unde armata francez\u0103 a desf\u0103\u0219urat, \u00eencep\u00e2nd cu 2022, aproximativ 1.000 de solda\u021bi ca reac\u021bie la invazia rus\u0103 \u00een Ucraina, se afl\u0103 la vest de aceast\u0103 linie montan\u0103.<\/p>\n<p>Cartografii francezi joac\u0103 un rol crucial at\u00e2t \u00een planificarea misiunilor, c\u00e2t \u0219i \u00een implementarea acestora pe teren, furniz\u00e2nd date topografice esen\u021biale pentru orientare, securitate \u0219i eficien\u021b\u0103 opera\u021bional\u0103 \u00een r\u00e2ndul for\u021belor aliate desf\u0103\u0219urate pe flancul estic al NATO.<\/p>\n<p><a href=\"https:\/\/www.realitatea.net\/stiri\/actual\/emisarul-american-propune-o-impartire-a-ucrainei-pe-modelul-coreea-de-nord-si-coreea-de-sud-din-1953-ar-putea-semana-cu-berlinul-dupa-al-doilea-razboi-mondial_67fa145a69ef78341e4cc719\" target=\"_blank\">Emisarul american propune o \u00eemp\u0103r\u021bire a Ucrainei, pe modelul Coreea de Nord \u0219i Coreea de Sud din 1953. Ar putea sem\u0103na cu \u201dBerlinul dup\u0103 al Doilea R\u0103zboi Mondial\u201d<\/a><\/p>\n<p>\u00a0<\/p>","protected":false},"excerpt":{"rendered":"<p>Aceast\u0103 unitate, care reprezint\u0103 cea mai mic\u0103 forma\u021biune din armata francez\u0103, este compus\u0103 din 350&hellip;<\/p>\n","protected":false},"author":0,"featured_media":46958,"comment_status":"open","ping_status":"open","sticky":false,"template":"","format":"standard","meta":{"footnotes":""},"categories":[2],"tags":[],"class_list":["post-46957","post","type-post","status-publish","format-standard","has-post-thumbnail","hentry","category-actual"],"_links":{"self":[{"href":"https:\/\/247stiri.ro\/index.php\/wp-json\/wp\/v2\/posts\/46957","targetHints":{"allow":["GET"]}}],"collection":[{"href":"https:\/\/247stiri.ro\/index.php\/wp-json\/wp\/v2\/posts"}],"about":[{"href":"https:\/\/247stiri.ro\/index.php\/wp-json\/wp\/v2\/types\/post"}],"replies":[{"embeddable":true,"href":"https:\/\/247stiri.ro\/index.php\/wp-json\/wp\/v2\/comments?post=46957"}],"version-history":[{"count":0,"href":"https:\/\/247stiri.ro\/index.php\/wp-json\/wp\/v2\/posts\/46957\/revisions"}],"wp:featuredmedia":[{"embeddable":true,"href":"https:\/\/247stiri.ro\/index.php\/wp-json\/wp\/v2\/media\/46958"}],"wp:attachment":[{"href":"https:\/\/247stiri.ro\/index.php\/wp-json\/wp\/v2\/media?parent=46957"}],"wp:term":[{"taxonomy":"category","embeddable":true,"href":"https:\/\/247stiri.ro\/index.php\/wp-json\/wp\/v2\/categories?post=46957"},{"taxonomy":"post_tag","embeddable":true,"href":"https:\/\/247stiri.ro\/index.php\/wp-json\/wp\/v2\/tags?post=46957"}],"curies":[{"name":"wp","href":"https:\/\/api.w.org\/{rel}","templated":true}]}}