{"id":47034,"date":"2025-04-14T05:44:53","date_gmt":"2025-04-14T05:44:53","guid":{"rendered":"https:\/\/247stiri.ro\/index.php\/2025\/04\/14\/a-murit-mario-vargas-llosa-scriitorul-peruan-distins-cu-premiul-nobel-in-2010-avea-89-de-ani\/"},"modified":"2025-04-14T05:44:53","modified_gmt":"2025-04-14T05:44:53","slug":"a-murit-mario-vargas-llosa-scriitorul-peruan-distins-cu-premiul-nobel-in-2010-avea-89-de-ani","status":"publish","type":"post","link":"https:\/\/247stiri.ro\/index.php\/2025\/04\/14\/a-murit-mario-vargas-llosa-scriitorul-peruan-distins-cu-premiul-nobel-in-2010-avea-89-de-ani\/","title":{"rendered":"A murit Mario Vargas Llosa. Scriitorul peruan distins cu Premiul Nobel, \u00een 2010, avea 89 de ani"},"content":{"rendered":"<p>Laureat al Premiului Nobel pentru literatur\u0103 \u00een 2010, a fost \u201e\u00eenconjurat de familia sa \u0219i s-a stins \u00een pace\u201d, a spus familia sa \u00eentr-o declara\u021bie publicat\u0103 de fiul s\u0103u \u00c1lvaro, pe X, duminic\u0103 seara.<\/p>\n<p>\u201eDecesul s\u0103u \u00eei va \u00eentrista pe rudele, prietenii \u0219i cititorii s\u0103i din \u00eentreaga lume, dar sper\u0103m c\u0103 ei vor g\u0103si m\u00e2ng\u00e2iere, a\u0219a cum am g\u0103sit noi \u00een faptul c\u0103 s-a bucurat de o via\u021b\u0103 lung\u0103, variat\u0103 \u0219i fructuoas\u0103 \u0219i las\u0103 \u00een urm\u0103 o munc\u0103 care \u00eei va supravie\u021bui\u201d, se arat\u0103 \u00een comunicat.<\/p>\n<p>Cauza mor\u021bii a fost necunoscut\u0103, iar familia a spus c\u0103 trupul lui Vargas Llosa va fi incinerat conform dorin\u021belor sale, ad\u0103ug\u00e2nd c\u0103 nu va avea loc nicio ceremonie public\u0103.<\/p>\n<p>Fiul s\u0103u, Alvaro, a declarat \u00een octombrie anul trecut c\u0103 \u201ese apropie de 90 de ani, o v\u00e2rst\u0103 la care trebuie s\u0103 reduci pu\u0163in intensitatea activit\u0103\u0163ilor tale\u201d, f\u0103r\u0103 a preciza starea de s\u0103n\u0103tate a tat\u0103lui s\u0103u.<\/p>\n<p>N\u0103scut \u00eentr-o familie peruan\u0103 din clasa de mijloc, Mario Vargas Llosa a fost unul dintre marii protagoni\u015fti ai \u201eboom-ului\u201d literar latino-american din anii 1960 \u015fi 1970, al\u0103turi de columbianul Gabriel Garcia Marquez \u015fi de argentinianul Julio Cortazar.<\/p>\n<p>\u00centr-un mesaj publicat pe X, pre\u015fedintele statului Peru, Dina Boluarte, a depl\u00e2ns moartea scriitorului. \u201eGeniul s\u0103u intelectual \u015fi vasta sa oper\u0103 vor r\u0103m\u00e2ne o mo\u015ftenire durabil\u0103 pentru genera\u0163iile viitoare. Ne exprim\u0103m cele mai sincere condolean\u0163e familiei sale, prietenilor s\u0103i \u015fi lumii literare. Odihne\u015fte-te \u00een pace, ilustru peruan al tuturor timpurilor\u201d.<\/p>","protected":false},"excerpt":{"rendered":"<p>Laureat al Premiului Nobel pentru literatur\u0103 \u00een 2010, a fost \u201e\u00eenconjurat de familia sa \u0219i&hellip;<\/p>\n","protected":false},"author":0,"featured_media":47035,"comment_status":"open","ping_status":"open","sticky":false,"template":"","format":"standard","meta":{"footnotes":""},"categories":[2],"tags":[],"class_list":["post-47034","post","type-post","status-publish","format-standard","has-post-thumbnail","hentry","category-actual"],"_links":{"self":[{"href":"https:\/\/247stiri.ro\/index.php\/wp-json\/wp\/v2\/posts\/47034","targetHints":{"allow":["GET"]}}],"collection":[{"href":"https:\/\/247stiri.ro\/index.php\/wp-json\/wp\/v2\/posts"}],"about":[{"href":"https:\/\/247stiri.ro\/index.php\/wp-json\/wp\/v2\/types\/post"}],"replies":[{"embeddable":true,"href":"https:\/\/247stiri.ro\/index.php\/wp-json\/wp\/v2\/comments?post=47034"}],"version-history":[{"count":0,"href":"https:\/\/247stiri.ro\/index.php\/wp-json\/wp\/v2\/posts\/47034\/revisions"}],"wp:featuredmedia":[{"embeddable":true,"href":"https:\/\/247stiri.ro\/index.php\/wp-json\/wp\/v2\/media\/47035"}],"wp:attachment":[{"href":"https:\/\/247stiri.ro\/index.php\/wp-json\/wp\/v2\/media?parent=47034"}],"wp:term":[{"taxonomy":"category","embeddable":true,"href":"https:\/\/247stiri.ro\/index.php\/wp-json\/wp\/v2\/categories?post=47034"},{"taxonomy":"post_tag","embeddable":true,"href":"https:\/\/247stiri.ro\/index.php\/wp-json\/wp\/v2\/tags?post=47034"}],"curies":[{"name":"wp","href":"https:\/\/api.w.org\/{rel}","templated":true}]}}