{"id":47036,"date":"2025-04-14T05:44:54","date_gmt":"2025-04-14T05:44:54","guid":{"rendered":"https:\/\/247stiri.ro\/index.php\/2025\/04\/14\/presedintele-academiei-romane-avem-tari-in-jur-care-considera-ca-sacrificiul-trebuie-sa-mearga-pana-la-ultimul-om-nu-castiga-nimic-se-pierd-in-istorie\/"},"modified":"2025-04-14T05:44:54","modified_gmt":"2025-04-14T05:44:54","slug":"presedintele-academiei-romane-avem-tari-in-jur-care-considera-ca-sacrificiul-trebuie-sa-mearga-pana-la-ultimul-om-nu-castiga-nimic-se-pierd-in-istorie","status":"publish","type":"post","link":"https:\/\/247stiri.ro\/index.php\/2025\/04\/14\/presedintele-academiei-romane-avem-tari-in-jur-care-considera-ca-sacrificiul-trebuie-sa-mearga-pana-la-ultimul-om-nu-castiga-nimic-se-pierd-in-istorie\/","title":{"rendered":"Pre\u0219edintele Academiei Rom\u00e2ne: Avem \u021b\u0103ri \u00een jur care consider\u0103 c\u0103 sacrificiul trebuie s\u0103 mearg\u0103 p\u00e2n\u0103 la ultimul om. Nu c\u00e2\u0219tig\u0103 nimic. Se pierd \u00een istorie"},"content":{"rendered":"<p>Potrivit acestuia, popoarele care merg p\u00e2n\u0103 la sacrificiul suprem se pierd \u00een istorie \u0219i \u00ee\u0219i pierd rostul.<\/p>\n<p>&#8222;Avem \u021b\u0103ri \u00een jur care consider\u0103 c\u0103 sacrificiul trebuie s\u0103 mearg\u0103 p\u00e2n\u0103 la ultimul om. Nu c\u00e2\u0219tig\u0103 nimic. Se pierd \u00een istorie&#8221;, spune Ioan Aurel Pop.<\/p>\n<p>Pre\u0219edintele Academiei Rom\u00e2ne a amintit \u0219i de exemplul Serbiei \u0219i a spus c\u0103 Rom\u00e2nia nu \u0219i-a permis s\u0103 fie o mare putere pentru c\u0103 \u0219i-a pierdut sim\u021bul realit\u0103\u021bii.\u00a0<\/p>\n<p>\u201eNu \u0219i-a permis s\u0103 fie o mare putere, dar nici n-ar trebui. Nu, ar trebui s\u0103 avem simtul realit\u0103\u021bi \u0219i p\u00e2n\u0103 nu demult l-am avut. Adic\u0103 l-am avut a\u0219a, cu volute, c\u00e2teodat\u0103 da, c\u00e2teodat\u0103 nu. Mai mult l-am avut dec\u00e2t nu\u201d, a explicat pre\u0219edintele Academiei Rom\u00e2ne.\u00a0<\/p>","protected":false},"excerpt":{"rendered":"<p>Potrivit acestuia, popoarele care merg p\u00e2n\u0103 la sacrificiul suprem se pierd \u00een istorie \u0219i \u00ee\u0219i&hellip;<\/p>\n","protected":false},"author":0,"featured_media":47037,"comment_status":"open","ping_status":"open","sticky":false,"template":"","format":"standard","meta":{"footnotes":""},"categories":[2],"tags":[],"class_list":["post-47036","post","type-post","status-publish","format-standard","has-post-thumbnail","hentry","category-actual"],"_links":{"self":[{"href":"https:\/\/247stiri.ro\/index.php\/wp-json\/wp\/v2\/posts\/47036","targetHints":{"allow":["GET"]}}],"collection":[{"href":"https:\/\/247stiri.ro\/index.php\/wp-json\/wp\/v2\/posts"}],"about":[{"href":"https:\/\/247stiri.ro\/index.php\/wp-json\/wp\/v2\/types\/post"}],"replies":[{"embeddable":true,"href":"https:\/\/247stiri.ro\/index.php\/wp-json\/wp\/v2\/comments?post=47036"}],"version-history":[{"count":0,"href":"https:\/\/247stiri.ro\/index.php\/wp-json\/wp\/v2\/posts\/47036\/revisions"}],"wp:featuredmedia":[{"embeddable":true,"href":"https:\/\/247stiri.ro\/index.php\/wp-json\/wp\/v2\/media\/47037"}],"wp:attachment":[{"href":"https:\/\/247stiri.ro\/index.php\/wp-json\/wp\/v2\/media?parent=47036"}],"wp:term":[{"taxonomy":"category","embeddable":true,"href":"https:\/\/247stiri.ro\/index.php\/wp-json\/wp\/v2\/categories?post=47036"},{"taxonomy":"post_tag","embeddable":true,"href":"https:\/\/247stiri.ro\/index.php\/wp-json\/wp\/v2\/tags?post=47036"}],"curies":[{"name":"wp","href":"https:\/\/api.w.org\/{rel}","templated":true}]}}