{"id":47058,"date":"2025-04-14T07:44:51","date_gmt":"2025-04-14T07:44:51","guid":{"rendered":"https:\/\/247stiri.ro\/index.php\/2025\/04\/14\/politistii-si-militarii-romani-care-se-vor-angaja-ca-mercenari-risca-sa-ajunga-la-inchisoare-proiectul-de-lege-intra-in-parlament\/"},"modified":"2025-04-14T07:44:51","modified_gmt":"2025-04-14T07:44:51","slug":"politistii-si-militarii-romani-care-se-vor-angaja-ca-mercenari-risca-sa-ajunga-la-inchisoare-proiectul-de-lege-intra-in-parlament","status":"publish","type":"post","link":"https:\/\/247stiri.ro\/index.php\/2025\/04\/14\/politistii-si-militarii-romani-care-se-vor-angaja-ca-mercenari-risca-sa-ajunga-la-inchisoare-proiectul-de-lege-intra-in-parlament\/","title":{"rendered":"Poli\u021bi\u0219tii \u0219i militarii rom\u00e2ni care se vor angaja ca mercenari risc\u0103 s\u0103 ajung\u0103 la \u00eenchisoare. Proiectul de lege intr\u0103 \u00een Parlament"},"content":{"rendered":"<p>Ini\u0163iatorii sus\u0163in c\u0103 m\u0103surile cuprinse \u00een document \u0163in de securitatea na\u0163ional\u0103 \u015fi ofer\u0103 institu\u0163iilor de for\u0163\u0103 un instrument legal pentru a gestiona aceste abateri disciplinare.<\/p>\n<p>Potrivit documentului, citat de Radio Rom\u00e2nia Actualit\u0103\u021bi, nerespectarea acestor prevederi se sanc\u0163ioneaz\u0103 cu \u00eenchisoare de la cinci la zece ani.<\/p>\n<p><a title=\"Cine este Horatiu Potra, fost luptator in Legiunea Straina, oprit in trafic de politie, in drum spre Capitala. Legaturile socante ale legionarului care ducea romani in Congo \" href=\"https:\/\/www.realitatea.net\/stiri\/justitie\/cine-este-horatiu-potra-fost-luptator-in-legiunea-straina-ridicat-de-azinoapte-de-politie_67556f4695e99015cb60bcf7\">Cine este Hora\u021biu Potra, fost lupt\u0103tor \u00een Legiunea Str\u0103in\u0103, oprit \u00een trafic de poli\u021bie, \u00een drum spre Capital\u0103. Leg\u0103turile \u0219ocante ale legionarului care<\/a><\/p>\n<p>Modificarea legislativ\u0103 vine \u00een contextul \u00een care peste 460 de militari, unii rezervi\u0219ti iar al\u021bii \u00een concediu de cre\u0219tere a copilului, care provin din Ministerul Ap\u0103r\u0103rii Na\u021bionale, au semnat, dup\u0103 trecerea \u00een rezerv\u0103,\u00a0contracte cu companii de securitate\u00a0care au activat \u00een Republica Democratic\u0103 Congo.<\/p>\n<p><a title=\"MAI: 8 jandarmi si 3 politisti, printre angajatii care si-au luat concediu de crestere a copilului pentru a lucra ca mercenari in Congo\" href=\"https:\/\/www.realitatea.net\/stiri\/actual\/mai-8-jandarmi-si-3-politisti-printre-militarii-care-siau-luat-concediu-de-crestere-a-copilului-pentru-a-lucra-ca-mercenari-in-congo_67eea4a9096bf95681095792\">MAI: 8 jandarmi \u0219i 3 poli\u021bi\u0219ti, printre angaja\u021bii care \u0219i-au luat concediu de cre\u0219tere a copilului pentru a lucra ca mercenari \u00een Congo<\/a><\/p>","protected":false},"excerpt":{"rendered":"<p>Ini\u0163iatorii sus\u0163in c\u0103 m\u0103surile cuprinse \u00een document \u0163in de securitatea na\u0163ional\u0103 \u015fi ofer\u0103 institu\u0163iilor de&hellip;<\/p>\n","protected":false},"author":0,"featured_media":47059,"comment_status":"open","ping_status":"open","sticky":false,"template":"","format":"standard","meta":{"footnotes":""},"categories":[2],"tags":[],"class_list":["post-47058","post","type-post","status-publish","format-standard","has-post-thumbnail","hentry","category-actual"],"_links":{"self":[{"href":"https:\/\/247stiri.ro\/index.php\/wp-json\/wp\/v2\/posts\/47058","targetHints":{"allow":["GET"]}}],"collection":[{"href":"https:\/\/247stiri.ro\/index.php\/wp-json\/wp\/v2\/posts"}],"about":[{"href":"https:\/\/247stiri.ro\/index.php\/wp-json\/wp\/v2\/types\/post"}],"replies":[{"embeddable":true,"href":"https:\/\/247stiri.ro\/index.php\/wp-json\/wp\/v2\/comments?post=47058"}],"version-history":[{"count":0,"href":"https:\/\/247stiri.ro\/index.php\/wp-json\/wp\/v2\/posts\/47058\/revisions"}],"wp:featuredmedia":[{"embeddable":true,"href":"https:\/\/247stiri.ro\/index.php\/wp-json\/wp\/v2\/media\/47059"}],"wp:attachment":[{"href":"https:\/\/247stiri.ro\/index.php\/wp-json\/wp\/v2\/media?parent=47058"}],"wp:term":[{"taxonomy":"category","embeddable":true,"href":"https:\/\/247stiri.ro\/index.php\/wp-json\/wp\/v2\/categories?post=47058"},{"taxonomy":"post_tag","embeddable":true,"href":"https:\/\/247stiri.ro\/index.php\/wp-json\/wp\/v2\/tags?post=47058"}],"curies":[{"name":"wp","href":"https:\/\/api.w.org\/{rel}","templated":true}]}}