{"id":47116,"date":"2025-04-14T11:44:58","date_gmt":"2025-04-14T11:44:58","guid":{"rendered":"https:\/\/247stiri.ro\/index.php\/2025\/04\/14\/o-femeie-a-fost-gasita-fara-viata-cu-urme-vizibile-de-violenta-politia-ancheteaza-un-barbat-care-a-anuntat-decesul-si-care-spune-ca-a-avut-un-conflict-cu-ea\/"},"modified":"2025-04-14T11:44:58","modified_gmt":"2025-04-14T11:44:58","slug":"o-femeie-a-fost-gasita-fara-viata-cu-urme-vizibile-de-violenta-politia-ancheteaza-un-barbat-care-a-anuntat-decesul-si-care-spune-ca-a-avut-un-conflict-cu-ea","status":"publish","type":"post","link":"https:\/\/247stiri.ro\/index.php\/2025\/04\/14\/o-femeie-a-fost-gasita-fara-viata-cu-urme-vizibile-de-violenta-politia-ancheteaza-un-barbat-care-a-anuntat-decesul-si-care-spune-ca-a-avut-un-conflict-cu-ea\/","title":{"rendered":"O femeie a fost g\u0103sit\u0103 f\u0103r\u0103 via\u021b\u0103 cu urme vizibile de violen\u021b\u0103. Poli\u021bia ancheteaz\u0103 un b\u0103rbat care a anun\u021bat decesul \u0219i care spune c\u0103 a avut un conflict cu ea"},"content":{"rendered":"<p>Ce au transmis oamenii legii?<\/p>\n<p><a href=\"https:\/\/www.realitatea.net\/stiri\/extern\/gestul-terifiant-facut-de-un-barbat-sia-ucis-mama-pentru-ai-mentine-stilul-de-viata-luxos-iubitei-sale-influencerite_67ed21c6b46a9c47013956b8\" target=\"_blank\">La fa\u021ba locului<\/a> s-au deplasat echipaje din cadrul Sec\u021biei 6 Poli\u021bie Rural\u0103 Saras\u0103u, care au constatat decesul femeii \u0219i au identificat semne evidente de agresiune pe corpul acesteia. Primele informa\u021bii arat\u0103 c\u0103 b\u0103rbatul care a sunat la Poli\u021bie, \u00een v\u00e2rst\u0103 de 61 de ani, nu a negat implicarea sa \u00een incident. Acesta le-ar fi declarat anchetatorilor c\u0103 \u00eentre el \u0219i victim\u0103 a izbucnit un conflict spontan, \u00een timpul c\u0103ruia ar fi agresat-o.<\/p>\n<p>\u201eExaminarea preliminar\u0103 a cadavrului a relevat prezen\u021ba unor urme de violen\u021b\u0103. \u00cen urma cercet\u0103rilor de la fa\u021ba locului, a fost identificat \u0219i b\u0103rbatul care a f\u0103cut sesizarea. Din primele date, reiese c\u0103 \u00eentre acesta \u0219i femeie ar fi avut loc o alterca\u021bie, finalizat\u0103 tragic\u201d, au transmis reprezentan\u021bii Inspectoratului de Poli\u021bie Jude\u021bean Maramure\u0219.<\/p>\n<p><a href=\"https:\/\/www.realitatea.net\/stiri\/actual\/femeie-din-braila-injunghiata-mortal-din-cauza-geloziei-criminalul-a-fost-retinut_67eab7f7fde0a51e7c7f9e52\" target=\"_blank\">Cadavrul victimei<\/a> a fost transportat la Serviciul de Medicin\u0103 Legal\u0103 pentru efectuarea necropsiei, care va stabili cu exactitate cauza decesului. \u00centre timp, b\u0103rbatul se afl\u0103 \u00een custodia autorit\u0103\u021bilor.<\/p>","protected":false},"excerpt":{"rendered":"<p>Ce au transmis oamenii legii? La fa\u021ba locului s-au deplasat echipaje din cadrul Sec\u021biei 6&hellip;<\/p>\n","protected":false},"author":0,"featured_media":47117,"comment_status":"open","ping_status":"open","sticky":false,"template":"","format":"standard","meta":{"footnotes":""},"categories":[2],"tags":[],"class_list":["post-47116","post","type-post","status-publish","format-standard","has-post-thumbnail","hentry","category-actual"],"_links":{"self":[{"href":"https:\/\/247stiri.ro\/index.php\/wp-json\/wp\/v2\/posts\/47116","targetHints":{"allow":["GET"]}}],"collection":[{"href":"https:\/\/247stiri.ro\/index.php\/wp-json\/wp\/v2\/posts"}],"about":[{"href":"https:\/\/247stiri.ro\/index.php\/wp-json\/wp\/v2\/types\/post"}],"replies":[{"embeddable":true,"href":"https:\/\/247stiri.ro\/index.php\/wp-json\/wp\/v2\/comments?post=47116"}],"version-history":[{"count":0,"href":"https:\/\/247stiri.ro\/index.php\/wp-json\/wp\/v2\/posts\/47116\/revisions"}],"wp:featuredmedia":[{"embeddable":true,"href":"https:\/\/247stiri.ro\/index.php\/wp-json\/wp\/v2\/media\/47117"}],"wp:attachment":[{"href":"https:\/\/247stiri.ro\/index.php\/wp-json\/wp\/v2\/media?parent=47116"}],"wp:term":[{"taxonomy":"category","embeddable":true,"href":"https:\/\/247stiri.ro\/index.php\/wp-json\/wp\/v2\/categories?post=47116"},{"taxonomy":"post_tag","embeddable":true,"href":"https:\/\/247stiri.ro\/index.php\/wp-json\/wp\/v2\/tags?post=47116"}],"curies":[{"name":"wp","href":"https:\/\/api.w.org\/{rel}","templated":true}]}}