{"id":47118,"date":"2025-04-14T11:44:59","date_gmt":"2025-04-14T11:44:59","guid":{"rendered":"https:\/\/247stiri.ro\/index.php\/2025\/04\/14\/riscam-sau-nu-o-pana-de-curent-majora-de-paste-expertul-in-energie-dian-popescu-vine-cu-clarificari\/"},"modified":"2025-04-14T11:44:59","modified_gmt":"2025-04-14T11:44:59","slug":"riscam-sau-nu-o-pana-de-curent-majora-de-paste-expertul-in-energie-dian-popescu-vine-cu-clarificari","status":"publish","type":"post","link":"https:\/\/247stiri.ro\/index.php\/2025\/04\/14\/riscam-sau-nu-o-pana-de-curent-majora-de-paste-expertul-in-energie-dian-popescu-vine-cu-clarificari\/","title":{"rendered":"Risc\u0103m sau nu O PAN\u0102 DE CURENT major\u0103 de Pa\u0219te? Expertul \u00een energie, Dian Popescu vine cu clarific\u0103ri"},"content":{"rendered":"<p>Motivul este <a href=\"https:\/\/www.realitatea.net\/stiri\/actual\/alerta-europeana-risc-de-disfunctionalitati-in-sistemul-energetic-in-perioada-pastelui-anunta-transelectrica_67eb8d3178edae49d909b937\" target=\"_blank\">consumul de energie<\/a> la nivel na\u021bional care este a\u0219teptat s\u0103 scad\u0103 foarte mult, \u00een timp ce produc\u021bia de energie va fi \u00een cre\u0219tere\u00a0<\/p>\n<p>Expert \u00een energie: \u201eConsumul va fi redus de Pa\u0219te!\u201d<\/p>\n<p>\u201eNu este vorba numai de consumul la nivel na\u021bional e vorba de consum la nivel european. Noi suntem o \u021bar\u0103 interconectat\u0103, iar primul semnal l-a tras Germania.<\/p>\n<p>Pa\u0219tele ortodox pic\u0103 odat\u0103 cu Pa\u0219tele catolic, deci nu se va lucra \u00een toat\u0103 Europa. Desc\u0103rc\u0103rile de energie dintr-o \u021bar\u0103 \u00een alta vor fi foarte reduse.<\/p>\n<p>Sunt convins c\u0103 speciali\u0219tii vor estima foarte bine consumul \u0219i vor lua din timp deciziile necesare.<\/p>\n<p>S-ar putea s\u0103 vedem \u021b\u0103ri care s\u0103 intre \u00een BLACK OUT, adic\u0103 produc\u021bia de energie s\u0103 fie mare, consumul s\u0103 fie mic \u0219i a\u0219a sistemul de protec\u021bie s\u0103 decupleze anumite zone \u0219i s\u0103 r\u0103m\u00e2n\u0103 f\u0103r\u0103 curent electric.<\/p>\n<p>Avem noroc c\u0103 avem un mix energetic&#8230; sistemul, dispecerul va controla foarte bine Rom\u00e2nia \u00een acest sens, dar celelalte \u021b\u0103ri europene vor avea probleme.\u201d, a transmis specialistul \u00een energie,<a href=\"https:\/\/www.realitatea.net\/stiri\/actual\/dian-popescu-o-pana-de-curent-ar-fi-o-catastrofa_67b100e0e240b0324d16e8a2\" target=\"_blank\"> Dian Popescu<\/a>, exclusiv la Realitatea PLUS.<\/p>","protected":false},"excerpt":{"rendered":"<p>Motivul este consumul de energie la nivel na\u021bional care este a\u0219teptat s\u0103 scad\u0103 foarte mult,&hellip;<\/p>\n","protected":false},"author":0,"featured_media":47119,"comment_status":"open","ping_status":"open","sticky":false,"template":"","format":"standard","meta":{"footnotes":""},"categories":[2],"tags":[],"class_list":["post-47118","post","type-post","status-publish","format-standard","has-post-thumbnail","hentry","category-actual"],"_links":{"self":[{"href":"https:\/\/247stiri.ro\/index.php\/wp-json\/wp\/v2\/posts\/47118","targetHints":{"allow":["GET"]}}],"collection":[{"href":"https:\/\/247stiri.ro\/index.php\/wp-json\/wp\/v2\/posts"}],"about":[{"href":"https:\/\/247stiri.ro\/index.php\/wp-json\/wp\/v2\/types\/post"}],"replies":[{"embeddable":true,"href":"https:\/\/247stiri.ro\/index.php\/wp-json\/wp\/v2\/comments?post=47118"}],"version-history":[{"count":0,"href":"https:\/\/247stiri.ro\/index.php\/wp-json\/wp\/v2\/posts\/47118\/revisions"}],"wp:featuredmedia":[{"embeddable":true,"href":"https:\/\/247stiri.ro\/index.php\/wp-json\/wp\/v2\/media\/47119"}],"wp:attachment":[{"href":"https:\/\/247stiri.ro\/index.php\/wp-json\/wp\/v2\/media?parent=47118"}],"wp:term":[{"taxonomy":"category","embeddable":true,"href":"https:\/\/247stiri.ro\/index.php\/wp-json\/wp\/v2\/categories?post=47118"},{"taxonomy":"post_tag","embeddable":true,"href":"https:\/\/247stiri.ro\/index.php\/wp-json\/wp\/v2\/tags?post=47118"}],"curies":[{"name":"wp","href":"https:\/\/api.w.org\/{rel}","templated":true}]}}