{"id":47156,"date":"2025-04-14T14:45:14","date_gmt":"2025-04-14T14:45:14","guid":{"rendered":"https:\/\/247stiri.ro\/index.php\/2025\/04\/14\/vacanta-schi-2026-inspectoratele-scolare-au-hotarat-cand-vor-avea-liber-copiii-din-fiecare-judet-harta\/"},"modified":"2025-04-14T14:45:14","modified_gmt":"2025-04-14T14:45:14","slug":"vacanta-schi-2026-inspectoratele-scolare-au-hotarat-cand-vor-avea-liber-copiii-din-fiecare-judet-harta","status":"publish","type":"post","link":"https:\/\/247stiri.ro\/index.php\/2025\/04\/14\/vacanta-schi-2026-inspectoratele-scolare-au-hotarat-cand-vor-avea-liber-copiii-din-fiecare-judet-harta\/","title":{"rendered":"Vacan\u021b\u0103 schi 2026. Inspectoratele \u0219colare au hot\u0103r\u00e2t. C\u00e2nd vor avea liber copiii din fiecare jude\u0163 &#8211; HARTA"},"content":{"rendered":"<p>Primii care vor intra \u00een vacan\u0163\u0103 sunt copiii din jude\u0163ele Timi\u015f, Bistri\u0163a-N\u0103s\u0103ud \u015fi Cluj.<\/p>\n<p>\u201dInspectoratele \u015fcolare au stabilit s\u0103pt\u0103m\u00e2na de vacan\u0163\u0103 din perioada 9 februarie \u2013 1 martie a anului \u015fcolar viitor (2025-2026). \u00cen imaginea de mai jos g\u0103si\u0163i intervalul pentru fiecare jude\u0163, a\u015fa cum ne-a fost comunicat de c\u0103tre conducerile inspectoratelor \u015fcolare jude\u0163ene\/al municipiului Bucure\u015fti\u201d, a transmis, luni, Ministerul Educa\u0163iei.<\/p>\n<p>Potrivit deciziei de la novel local, copiii din jude\u0163ele Timi\u015f, Bistri\u0163a-N\u0103s\u0103ud \u015fi Cluj vor avea vacan\u0163\u0103 \u00een perioada 9-15 februarie, 20 de jude\u0163e \u015fi municipiul Bucure\u015fti vor avea a\u015fa-numita vacan\u0163\u0103 de schi \u00een perioada16-22 februarie, iar restul jude\u0163elor \u00een perioada 23 februarie \u2013 1 martie.<\/p>\n<p>Potrivit deciziei anterioare a Ministerului Educa\u0163iei, cursurile anului \u015fcolar 2025-2026 vor \u00eencepe pe 8 septembrie 2025 \u015fi se vor \u00eencheia pe 19 iunie 2026<\/p>\n<p>Pentru clasele a XII-a zi, a XIII-a seral \u015fi frecven\u0163\u0103 redus\u0103 cursurile se \u00eencheie la data de 5 iunie 2026.<\/p>\n<p>\u00a0<\/p>\n<p>Pentru clasa a VIII-a cursurile se \u00eencheie la data de 12 iunie 2026<\/p>","protected":false},"excerpt":{"rendered":"<p>Primii care vor intra \u00een vacan\u0163\u0103 sunt copiii din jude\u0163ele Timi\u015f, Bistri\u0163a-N\u0103s\u0103ud \u015fi Cluj. \u201dInspectoratele&hellip;<\/p>\n","protected":false},"author":0,"featured_media":47149,"comment_status":"open","ping_status":"open","sticky":false,"template":"","format":"standard","meta":{"footnotes":""},"categories":[2],"tags":[],"class_list":["post-47156","post","type-post","status-publish","format-standard","has-post-thumbnail","hentry","category-actual"],"_links":{"self":[{"href":"https:\/\/247stiri.ro\/index.php\/wp-json\/wp\/v2\/posts\/47156","targetHints":{"allow":["GET"]}}],"collection":[{"href":"https:\/\/247stiri.ro\/index.php\/wp-json\/wp\/v2\/posts"}],"about":[{"href":"https:\/\/247stiri.ro\/index.php\/wp-json\/wp\/v2\/types\/post"}],"replies":[{"embeddable":true,"href":"https:\/\/247stiri.ro\/index.php\/wp-json\/wp\/v2\/comments?post=47156"}],"version-history":[{"count":0,"href":"https:\/\/247stiri.ro\/index.php\/wp-json\/wp\/v2\/posts\/47156\/revisions"}],"wp:featuredmedia":[{"embeddable":true,"href":"https:\/\/247stiri.ro\/index.php\/wp-json\/wp\/v2\/media\/47149"}],"wp:attachment":[{"href":"https:\/\/247stiri.ro\/index.php\/wp-json\/wp\/v2\/media?parent=47156"}],"wp:term":[{"taxonomy":"category","embeddable":true,"href":"https:\/\/247stiri.ro\/index.php\/wp-json\/wp\/v2\/categories?post=47156"},{"taxonomy":"post_tag","embeddable":true,"href":"https:\/\/247stiri.ro\/index.php\/wp-json\/wp\/v2\/tags?post=47156"}],"curies":[{"name":"wp","href":"https:\/\/api.w.org\/{rel}","templated":true}]}}