{"id":47157,"date":"2025-04-14T14:45:14","date_gmt":"2025-04-14T14:45:14","guid":{"rendered":"https:\/\/247stiri.ro\/index.php\/2025\/04\/14\/hidroelectrica-ii-va-ajuta-pe-cei-600-000-de-clienti-si-dupa-ce-va-fi-ridicata-prelungirea-perioadei-de-plafonare-a-preturilor\/"},"modified":"2025-04-14T14:45:14","modified_gmt":"2025-04-14T14:45:14","slug":"hidroelectrica-ii-va-ajuta-pe-cei-600-000-de-clienti-si-dupa-ce-va-fi-ridicata-prelungirea-perioadei-de-plafonare-a-preturilor","status":"publish","type":"post","link":"https:\/\/247stiri.ro\/index.php\/2025\/04\/14\/hidroelectrica-ii-va-ajuta-pe-cei-600-000-de-clienti-si-dupa-ce-va-fi-ridicata-prelungirea-perioadei-de-plafonare-a-preturilor\/","title":{"rendered":"Hidroelectrica \u00eei va ajuta pe cei 600.000 de clien\u021bi \u0219i dup\u0103 ce va fi ridicat\u0103 prelungirea perioadei de plafonare a pre\u021burilor"},"content":{"rendered":"<p>Guvernul a stabilit, recent, prelungirea perioadei de plafonare a pre\u021burilor la energie electric\u0103 p\u00e2n\u0103 la 1 iulie \u0219i cu 12 luni la gaz.\u201eDin 2020-2021, p\u00e2n\u0103 \u00een acest moment, Hidroelectrica a avut o ofert\u0103 competitiv\u0103 pentru consumatorii casnici din Rom\u00e2nia \u0219i, \u00een continuare, chiar \u0219i dup\u0103 momentul 1 iulie 2025, v\u0103 asigur de faptul c\u0103 Hidroelectrica va veni \u00een \u00eent\u00e2mpinarea celor 600.000 de clien\u021bi ai companiei \u0219i ai celor care vor dori s\u0103 devin\u0103 clien\u021bi. Noi \u00eencerc\u0103m s\u0103 le oferim o upgradare a tuturor cerin\u021belor din punct de vedere digital \u0219i investim deosebit de mult \u00een acest segment de furnizare. Vom fi \u00een continuare un juc\u0103tor important \u0219i ne vom adresa consumatorilor at\u00e2t casnici, c\u00e2t \u0219i de business\u201d, a men\u021bionat Karoly Borbely, la Forumul Energiei, organizat de Financial Intelligence.Potrivit acestuia, aceast\u0103 reliberalizare a pie\u021bei de energie \u201ereprezint\u0103 un moment important\u201d.\u201eSuntem pentru a treia oar\u0103 de reliberalizare a pie\u021bei energiei. Sper\u0103m c\u0103 am \u00eenv\u0103\u021bat ce era de \u00eenv\u0103\u021bat. \u00cen anul 2018 a fost pentru prima dat\u0103 c\u00e2nd pia\u021ba de energie din Rom\u00e2nia a fost complet liberalizat\u0103. Dup\u0103 aceea a venit anul 2021 c\u00e2nd a fost o redeschidere complet\u0103 a pie\u021bei de energie din Rom\u00e2nia, iar acum, la 1 iulie 2025, suntem pentru a treia oar\u0103\u201d, a precizat Karoly Borbely.<\/p>","protected":false},"excerpt":{"rendered":"<p>Guvernul a stabilit, recent, prelungirea perioadei de plafonare a pre\u021burilor la energie electric\u0103 p\u00e2n\u0103 la&hellip;<\/p>\n","protected":false},"author":0,"featured_media":47158,"comment_status":"open","ping_status":"open","sticky":false,"template":"","format":"standard","meta":{"footnotes":""},"categories":[2],"tags":[],"class_list":["post-47157","post","type-post","status-publish","format-standard","has-post-thumbnail","hentry","category-actual"],"_links":{"self":[{"href":"https:\/\/247stiri.ro\/index.php\/wp-json\/wp\/v2\/posts\/47157","targetHints":{"allow":["GET"]}}],"collection":[{"href":"https:\/\/247stiri.ro\/index.php\/wp-json\/wp\/v2\/posts"}],"about":[{"href":"https:\/\/247stiri.ro\/index.php\/wp-json\/wp\/v2\/types\/post"}],"replies":[{"embeddable":true,"href":"https:\/\/247stiri.ro\/index.php\/wp-json\/wp\/v2\/comments?post=47157"}],"version-history":[{"count":0,"href":"https:\/\/247stiri.ro\/index.php\/wp-json\/wp\/v2\/posts\/47157\/revisions"}],"wp:featuredmedia":[{"embeddable":true,"href":"https:\/\/247stiri.ro\/index.php\/wp-json\/wp\/v2\/media\/47158"}],"wp:attachment":[{"href":"https:\/\/247stiri.ro\/index.php\/wp-json\/wp\/v2\/media?parent=47157"}],"wp:term":[{"taxonomy":"category","embeddable":true,"href":"https:\/\/247stiri.ro\/index.php\/wp-json\/wp\/v2\/categories?post=47157"},{"taxonomy":"post_tag","embeddable":true,"href":"https:\/\/247stiri.ro\/index.php\/wp-json\/wp\/v2\/tags?post=47157"}],"curies":[{"name":"wp","href":"https:\/\/api.w.org\/{rel}","templated":true}]}}