{"id":47161,"date":"2025-04-14T14:45:15","date_gmt":"2025-04-14T14:45:15","guid":{"rendered":"https:\/\/247stiri.ro\/index.php\/2025\/04\/14\/sarbatori-pe-datorie-romanii-iau-credite-pentru-masa-de-paste-pensionari-in-lacrimi-si-cu-sacosele-goale\/"},"modified":"2025-04-14T14:45:15","modified_gmt":"2025-04-14T14:45:15","slug":"sarbatori-pe-datorie-romanii-iau-credite-pentru-masa-de-paste-pensionari-in-lacrimi-si-cu-sacosele-goale","status":"publish","type":"post","link":"https:\/\/247stiri.ro\/index.php\/2025\/04\/14\/sarbatori-pe-datorie-romanii-iau-credite-pentru-masa-de-paste-pensionari-in-lacrimi-si-cu-sacosele-goale\/","title":{"rendered":"S\u0103rb\u0103tori pe datorie. Rom\u00e2nii iau credite pentru masa de Pa\u0219te. Pensionari \u00een lacrimi \u0219i cu saco\u0219ele goale"},"content":{"rendered":"<p>\u201dO viata grea, nu \u0219tiu ce vor s\u0103 fac\u0103 \u0219i unde vor s\u0103 ajung\u0103 cu noi&#8230; M\u0103 descurc foarte greu. Am r\u0103mas singur\u0103. Via\u021ba e tare scump\u0103. Iau c\u00e2te pu\u021bin din fiecare s\u0103 gust \u0219i eu c\u00e2te pu\u021bin din toate.\u00a0<\/p>\n<p>S\u0103 ne dea \u0219i nou\u0103 drepturile noastre. Nu se leag\u0103 de pensiile speciale c\u0103 nu au voie s\u0103 se lege, ne iau din am\u0103r\u0103ciunea noastr\u0103\u201d, a declarat o <a href=\"https:\/\/www.realitatea.net\/stiri\/economie\/pensionarii-isi-vor-primi-banii-inainte-de-sarbatori-noi-ajutoare-de-400-de-lei-pentru-romani_67faad63ba5ee628387aa092\" target=\"_blank\">pensionar\u0103,<\/a> la Realitatea PLUS.\u00a0<\/p>\n<p>La r\u00e2ndul s\u0103u, o alt\u0103 pensionar\u0103 a spus c\u0103 pre\u021burile sunt foarte mari \u0219i nu \u00ee\u0219i permite s\u0103 cumpere ceva pentru masa de s\u0103rb\u0103tori.\u00a0<\/p>\n<p>\u201dPriviri cump\u0103r! Doar m\u0103 uit \u0219i admir, nu \u00eemi permit. M-am uitat la pre\u021buri&#8230;nu\u201d, a spus aceasta.\u00a0<\/p>\n<p>\u00centrebat\u0103 dac\u0103 are un mesaj pentru guvernan\u021bi, femeia a r\u0103spuns: \u201dS\u0103 facem schimb! S\u0103 tr\u0103iasc\u0103 ei cu pensia noastr\u0103 \u0219i s\u0103 fie b\u0103tr\u00e2ni \u0219i neputincio\u0219i \u0219i s\u0103 tr\u0103im noi cu salariile lor.\u201d<\/p>\n<p>\u201dLu\u0103m strictul necesar, nu avem nicio a\u0219teptare. Lu\u0103m un pic de colo, un pic de colo sa c\u0103 gust\u0103m \u0219i noi. Am 2.000 de lei pensie. Trebuie s\u0103 lu\u0103m medicamente, pl\u0103tim datorii \u0219i de ce r\u0103m\u00e2ne cump\u0103r\u0103m\u201d, a afirmat un alt pensionar.\u00a0<\/p>\n<p>\u201dDezastru! Nu po\u021bi s\u0103 faci fa\u021b\u0103. F\u0103r\u0103 ajutorul b\u0103iatului sunt: \u00cemi dai \u0219i mie un leu? S\u0103 se g\u00e2ndeasc\u0103 c\u0103 o s\u0103 ajung\u0103 \u0219i ei ca noi. Nimeni nu r\u0103m\u00e2ne ve\u0219nic t\u00e2n\u0103r \u0219i o s\u0103 ajung \u0219i ei ca noi\u201d, a spus o b\u0103tr\u00e2n\u0103.<\/p>\n<p>\u00a0<\/p>","protected":false},"excerpt":{"rendered":"<p>\u201dO viata grea, nu \u0219tiu ce vor s\u0103 fac\u0103 \u0219i unde vor s\u0103 ajung\u0103 cu&hellip;<\/p>\n","protected":false},"author":0,"featured_media":47162,"comment_status":"open","ping_status":"open","sticky":false,"template":"","format":"standard","meta":{"footnotes":""},"categories":[2],"tags":[],"class_list":["post-47161","post","type-post","status-publish","format-standard","has-post-thumbnail","hentry","category-actual"],"_links":{"self":[{"href":"https:\/\/247stiri.ro\/index.php\/wp-json\/wp\/v2\/posts\/47161","targetHints":{"allow":["GET"]}}],"collection":[{"href":"https:\/\/247stiri.ro\/index.php\/wp-json\/wp\/v2\/posts"}],"about":[{"href":"https:\/\/247stiri.ro\/index.php\/wp-json\/wp\/v2\/types\/post"}],"replies":[{"embeddable":true,"href":"https:\/\/247stiri.ro\/index.php\/wp-json\/wp\/v2\/comments?post=47161"}],"version-history":[{"count":0,"href":"https:\/\/247stiri.ro\/index.php\/wp-json\/wp\/v2\/posts\/47161\/revisions"}],"wp:featuredmedia":[{"embeddable":true,"href":"https:\/\/247stiri.ro\/index.php\/wp-json\/wp\/v2\/media\/47162"}],"wp:attachment":[{"href":"https:\/\/247stiri.ro\/index.php\/wp-json\/wp\/v2\/media?parent=47161"}],"wp:term":[{"taxonomy":"category","embeddable":true,"href":"https:\/\/247stiri.ro\/index.php\/wp-json\/wp\/v2\/categories?post=47161"},{"taxonomy":"post_tag","embeddable":true,"href":"https:\/\/247stiri.ro\/index.php\/wp-json\/wp\/v2\/tags?post=47161"}],"curies":[{"name":"wp","href":"https:\/\/api.w.org\/{rel}","templated":true}]}}