{"id":47163,"date":"2025-04-14T14:45:16","date_gmt":"2025-04-14T14:45:16","guid":{"rendered":"https:\/\/247stiri.ro\/index.php\/2025\/04\/14\/george-simion-delegatia-americana-nu-e-trimisa-de-trump-nu-este-o-intalnire-esentiala-pentru-viitorul-romaniei\/"},"modified":"2025-04-14T14:45:16","modified_gmt":"2025-04-14T14:45:16","slug":"george-simion-delegatia-americana-nu-e-trimisa-de-trump-nu-este-o-intalnire-esentiala-pentru-viitorul-romaniei","status":"publish","type":"post","link":"https:\/\/247stiri.ro\/index.php\/2025\/04\/14\/george-simion-delegatia-americana-nu-e-trimisa-de-trump-nu-este-o-intalnire-esentiala-pentru-viitorul-romaniei\/","title":{"rendered":"George Simion: Delega\u021bia american\u0103 nu e trimis\u0103 de Trump. Nu este o \u00eent\u00e2lnire esen\u021bial\u0103 pentru viitorul Rom\u00e2niei"},"content":{"rendered":"<p>\u201eProbabil se vor \u00eent\u00e2lni colegi de-ai mei parlamentari, este o delega\u021bie parlamentar\u0103 care vine \u00een mai multe state. Nu e trimis\u0103 de Administra\u021bia Trump, nu are rolul pe care l-a descris \u0219eful Administra\u021biei Preziden\u021biale, Cristian Diaconescu, nu e o \u00eent\u00e2lnire esen\u021bial\u0103 pentru viitorul rela\u021biilor dintre Rom\u00e2nia \u0219i America, dar e bine c\u0103 \u00een sf\u00e2r\u0219it prime\u0219te si actualul pre\u0219edintele interimar pe cineva din SUA.<\/p>\n<p>Nu mai este o democra\u021bie \u00een Rom\u00e2nia, suntem \u00een regim hibrid, suntem sub Republica Moldova \u0219i \u00eentre o \u021bar\u0103 care pretinde ca face parte din lumea liber\u0103, \u00eentr-o tara membru al UE \u0219i NATO s\u0103 anulezi alegerile \u0219i s\u0103 nu prezin\u021bi dovezi pentru motivele pentru care s-au anulat alegerile reprezint\u0103 o mare, mare problem\u0103.<\/p>\n<p>De ce sunt anulate nu cred c\u0103 poate cineva s\u0103 spun\u0103 cu ni\u0219te dovezi solide pe masa. \u00cen momentul \u00een care voi ocupa postul de la Cotroceni voi transparentiza toate informa\u021biile care exist\u0103 \u00een acest moment, m\u0103 \u00eendoiesc c\u0103 exist\u0103 dovezi solide pentru care a fost justificat\u0103 anularea alegerilor, nu faci a\u0219a ceva \u00eentr-o democra\u021bie, exist\u0103 aceea\u0219i tenta\u021bie \u0219i \u00een SUA, nici multora dintre judec\u0103torii de la Curtea Suprem\u0103 din SUA nu le-a pl\u0103cut de domnul Trump, dar n-au ales s\u0103 distrug\u0103 democra\u021bia \u00een sine<\/p>\n<p>Turul doi \u00eenapoi \u00eenseamn\u0103 dreptate, adic\u0103 \u00een turul 2 s-au calificat nu Simion, nu ciolacu \u0219i \u00een niciun caz Nicu\u0219or Dan, Ponta sau Antonescu care nu candidau, ci Georgescu \u0219i Lasconi.<\/p>\n<p>Este o sintagm\u0103 care descrie necesitatea de dreptate \u0219i revenirea la democra\u021bie. C\u0103 vom face un referendum, pentru c\u0103 este \u00een atribu\u021biile pre\u0219edintelui s\u0103 fac\u0103 un referendum, dac\u0103 romanii \u00ee\u0219i doresc s\u0103 se reia alegerile \u00eencep\u00e2nd cu turul 2, c\u0103 vom face dreptate \u00een alt mod pentru ca voin\u021ba cet\u0103\u021benilor rom\u00e2ni sa devin\u0103 lege, vom vedea.\u201d, a declarat candidatul din partea AUR la preziden\u021biale, George Simion.<\/p>","protected":false},"excerpt":{"rendered":"<p>\u201eProbabil se vor \u00eent\u00e2lni colegi de-ai mei parlamentari, este o delega\u021bie parlamentar\u0103 care vine \u00een&hellip;<\/p>\n","protected":false},"author":0,"featured_media":47155,"comment_status":"open","ping_status":"open","sticky":false,"template":"","format":"standard","meta":{"footnotes":""},"categories":[2],"tags":[],"class_list":["post-47163","post","type-post","status-publish","format-standard","has-post-thumbnail","hentry","category-actual"],"_links":{"self":[{"href":"https:\/\/247stiri.ro\/index.php\/wp-json\/wp\/v2\/posts\/47163","targetHints":{"allow":["GET"]}}],"collection":[{"href":"https:\/\/247stiri.ro\/index.php\/wp-json\/wp\/v2\/posts"}],"about":[{"href":"https:\/\/247stiri.ro\/index.php\/wp-json\/wp\/v2\/types\/post"}],"replies":[{"embeddable":true,"href":"https:\/\/247stiri.ro\/index.php\/wp-json\/wp\/v2\/comments?post=47163"}],"version-history":[{"count":0,"href":"https:\/\/247stiri.ro\/index.php\/wp-json\/wp\/v2\/posts\/47163\/revisions"}],"wp:featuredmedia":[{"embeddable":true,"href":"https:\/\/247stiri.ro\/index.php\/wp-json\/wp\/v2\/media\/47155"}],"wp:attachment":[{"href":"https:\/\/247stiri.ro\/index.php\/wp-json\/wp\/v2\/media?parent=47163"}],"wp:term":[{"taxonomy":"category","embeddable":true,"href":"https:\/\/247stiri.ro\/index.php\/wp-json\/wp\/v2\/categories?post=47163"},{"taxonomy":"post_tag","embeddable":true,"href":"https:\/\/247stiri.ro\/index.php\/wp-json\/wp\/v2\/tags?post=47163"}],"curies":[{"name":"wp","href":"https:\/\/api.w.org\/{rel}","templated":true}]}}