{"id":47166,"date":"2025-04-14T15:45:15","date_gmt":"2025-04-14T15:45:15","guid":{"rendered":"https:\/\/247stiri.ro\/index.php\/2025\/04\/14\/legea-care-ar-putea-opri-abuzurile-centrele-de-plasament-obligate-sa-aiba-sisteme-de-supraveghere-video\/"},"modified":"2025-04-14T15:45:15","modified_gmt":"2025-04-14T15:45:15","slug":"legea-care-ar-putea-opri-abuzurile-centrele-de-plasament-obligate-sa-aiba-sisteme-de-supraveghere-video","status":"publish","type":"post","link":"https:\/\/247stiri.ro\/index.php\/2025\/04\/14\/legea-care-ar-putea-opri-abuzurile-centrele-de-plasament-obligate-sa-aiba-sisteme-de-supraveghere-video\/","title":{"rendered":"Legea care ar putea opri abuzurile: Centrele de plasament, obligate s\u0103 aib\u0103 sisteme de supraveghere video"},"content":{"rendered":"<p>Propunerea legislativ\u0103 pentru completarea Legii nr.272 din 21 iunie 2004 privind reforma \u00een protec\u021bia \u0219i promovarea drepturilor copilului, republicat\u0103 \u00een Monitorul Oficial nr.159 din 5 martie 2014, \u0219i pentru completarea Legii nr.292 din 20 decembrie 2010 privind asisten\u021ba social\u0103, publicat\u0103 \u00een Monitorul Oficial nr.905 din 20 decembrie 2011, a fost adoptat\u0103 cu 106 voturi &#8221;pentru&#8221; \u0219i 15 &#8221;\u00eempotriv\u0103&#8221;.Un amendament admis la comisiile de specialitate prevede interzicerea amplas\u0103rii camerelor video &#8221;\u00een spa\u021biile care afecteaz\u0103 intimitatea \u0219i demnitatea beneficiarilor de servicii sociale, cum ar fi dormitoarele, b\u0103ile \u0219i vestiarele&#8221;.Un alt amendament stipuleaz\u0103 c\u0103, prin excep\u021bie, \u00een centrele reziden\u021biale \u00een care sunt plasa\u021bi beneficiarii cu handicap grav, imobiliza\u021bi la pat din cauza dizabilit\u0103\u021bii \u0219i cu dependen\u021b\u0103 de \u00eengrijiri \u00een servicii de tip reziden\u021bial specializate, camerele video vor fi amplasate \u0219i \u00een dormitor sau \u00een \u00eenc\u0103perea \u00een care beneficiarii primesc tratamentul sau \u00eengrijirea necesare.Potrivit unei alte modific\u0103ri la proiectul de act normativ, \u00eenregistr\u0103rile video vor fi stocate &#8221;pentru o perioad\u0103 de maximum 30 de zile, cu posibilitatea prelungirii acestui termen doar \u00een cazuri justificate de investigarea unor incidente grave&#8221;.\u00cen expunerea de motive, ini\u021biatorul explic\u0103 ra\u021biunile care au condus la promovarea acestui proiect de act normativ.&#8221;Activit\u0103\u021bile desf\u0103\u0219urate \u00een aceste centre implic\u0103 responsabilit\u0103\u021bi complexe \u0219i expunere la vulnerabilit\u0103\u021bi multiple. Incidentul sau neglijen\u021ba pot avea consecin\u021be grave asupra beneficiarilor, mai ales \u00een cazurile \u00een care ace\u0219tia nu se pot exprima sau ap\u0103ra \u00een mod adecvat. De asemenea, exist\u0103 riscuri asociate unor situa\u021bii de conflict sau abuzuri care pot ap\u0103rea \u00eentre beneficiari, \u00eentre personal \u0219i beneficiari sau \u00eentre apar\u021bin\u0103tori \u0219i personal Astfel, consider\u0103m c\u0103 instalarea sistemelor de monitorizare video \u00een aceste spa\u021bii este esen\u021bial\u0103 pentru a asigura protec\u021bia beneficiarilor \u0219i a personalului. Aceste sisteme ar permite auditarea activit\u0103\u021bii desf\u0103\u0219urate, ar putea constitui probe \u00een cadrul unor anchete \u0219i ar descuraja comportamentele abuzive sau neconforme cu standardele de \u00eengrijire. \u00cen acela\u0219i timp, supravegherea video ar oferi un grad suplimentar de siguran\u021b\u0103 beneficiarilor \u0219i ar contribui la cre\u0219terea \u00eencrederii acestora \u0219i a familiilor lor \u00een serviciile oferite. Totodat\u0103, personalul care lucreaz\u0103 \u00een aceste centre ar beneficia de o protec\u021bie suplimentar\u0103 \u00eempotriva acuza\u021biilor nefondate, iar monitorizarea video ar putea facilita identificarea unor probleme opera\u021bionale \u0219i \u00eembun\u0103t\u0103\u021birea continu\u0103 a calit\u0103\u021bii serviciilor&#8221;, se arat\u0103 \u00een expunerea de motive.Conform ini\u021biatorilor, \u00een centrele de plasament \u0219i \u00een cadrul serviciilor sociale operate de furnizori publici \u0219i priva\u021bi sunt g\u0103zdui\u021bi copii vulnerabili \u0219i alte categorii de persoane aflate \u00een situa\u021bii de risc social. Ace\u0219ti beneficiari pot include copii separa\u021bi de familie, persoane v\u00e2rstnice, persoane cu dizabilit\u0103\u021bi sau alte categorii care necesit\u0103 \u00eengrijire specializat\u0103 \u0219i protec\u021bie. \u00cen aceste medii, disciplina personalului, respectarea protocoalelor \u0219i standardelor de \u00eengrijire sunt esen\u021biale pentru asigurarea unui mediu sigur, care promoveaz\u0103 drepturile \u0219i bun\u0103starea beneficiarilor.Senatul este primul for legislativ sesizat \u00een acest caz.\u00a0<\/p>","protected":false},"excerpt":{"rendered":"<p>Propunerea legislativ\u0103 pentru completarea Legii nr.272 din 21 iunie 2004 privind reforma \u00een protec\u021bia \u0219i&hellip;<\/p>\n","protected":false},"author":0,"featured_media":47167,"comment_status":"open","ping_status":"open","sticky":false,"template":"","format":"standard","meta":{"footnotes":""},"categories":[2],"tags":[],"class_list":["post-47166","post","type-post","status-publish","format-standard","has-post-thumbnail","hentry","category-actual"],"_links":{"self":[{"href":"https:\/\/247stiri.ro\/index.php\/wp-json\/wp\/v2\/posts\/47166","targetHints":{"allow":["GET"]}}],"collection":[{"href":"https:\/\/247stiri.ro\/index.php\/wp-json\/wp\/v2\/posts"}],"about":[{"href":"https:\/\/247stiri.ro\/index.php\/wp-json\/wp\/v2\/types\/post"}],"replies":[{"embeddable":true,"href":"https:\/\/247stiri.ro\/index.php\/wp-json\/wp\/v2\/comments?post=47166"}],"version-history":[{"count":0,"href":"https:\/\/247stiri.ro\/index.php\/wp-json\/wp\/v2\/posts\/47166\/revisions"}],"wp:featuredmedia":[{"embeddable":true,"href":"https:\/\/247stiri.ro\/index.php\/wp-json\/wp\/v2\/media\/47167"}],"wp:attachment":[{"href":"https:\/\/247stiri.ro\/index.php\/wp-json\/wp\/v2\/media?parent=47166"}],"wp:term":[{"taxonomy":"category","embeddable":true,"href":"https:\/\/247stiri.ro\/index.php\/wp-json\/wp\/v2\/categories?post=47166"},{"taxonomy":"post_tag","embeddable":true,"href":"https:\/\/247stiri.ro\/index.php\/wp-json\/wp\/v2\/tags?post=47166"}],"curies":[{"name":"wp","href":"https:\/\/api.w.org\/{rel}","templated":true}]}}