{"id":47168,"date":"2025-04-14T15:45:16","date_gmt":"2025-04-14T15:45:16","guid":{"rendered":"https:\/\/247stiri.ro\/index.php\/2025\/04\/14\/rusia-dupa-atacul-sangeros-cu-rachete-de-la-sumi-regimul-de-la-kiev-continua-sa-foloseasca-populatia-ucraineana-drept-scut-uman\/"},"modified":"2025-04-14T15:45:16","modified_gmt":"2025-04-14T15:45:16","slug":"rusia-dupa-atacul-sangeros-cu-rachete-de-la-sumi-regimul-de-la-kiev-continua-sa-foloseasca-populatia-ucraineana-drept-scut-uman","status":"publish","type":"post","link":"https:\/\/247stiri.ro\/index.php\/2025\/04\/14\/rusia-dupa-atacul-sangeros-cu-rachete-de-la-sumi-regimul-de-la-kiev-continua-sa-foloseasca-populatia-ucraineana-drept-scut-uman\/","title":{"rendered":"Rusia, dup\u0103 atacul s\u00e2ngeros cu rachete de la Sum\u00ee: \u201dRegimul de la Kiev continu\u0103 s\u0103 foloseasc\u0103 popula\u021bia ucrainean\u0103 drept scut uman\u201d"},"content":{"rendered":"<p>\u201dDin comunicatul Ministerului Ap\u0103r\u0103rii al Federa\u021biei Ruse privind evolu\u021bia Opera\u021biunii militare speciale, 14 aprilie 2025:<\/p>\n<p>Ieri, For\u021bele Armate ale Federa\u021biei Ruse au efectuat o lovitur\u0103 cu dou\u0103 rachete opera\u021bional-tactice Iskander-M asupra locului de desf\u0103\u0219urare a unei reuniuni a personalului de comand\u0103 al grupului opera\u021bional-tactic Seversk din ora\u0219ul <a href=\"https:\/\/www.realitatea.net\/stiri\/actual\/intreaga-lume-condamna-atacul-rusilor-din-sumi-soldat-cu-31-de-morti-si-84-de-raniti-sa-depasit-limita-decentei-ce-spun-ciolacu-si-bolojan_67fbef3c9437b429a40eefc2\" target=\"_blank\">Sum\u00ee,<\/a> \u00een condi\u021biile contracar\u0103rii active din partea For\u021belor armate ale Ucrainei cu echipamente de r\u0103zboi electronic \u0219i ap\u0103rare aerian\u0103 de fabrica\u021bie str\u0103in\u0103. Ca urmare a atingerii \u021bintei, peste \u0219aizeci de militari ai for\u021belor armate ucrainene au fost uci\u0219i.<\/p>\n<p>Regimul de la Kiev continu\u0103 s\u0103 foloseasc\u0103 popula\u021bia ucrainean\u0103 drept scut uman, amplas\u00e2nd instala\u021bii militare \u0219i organiz\u00e2nd evenimente la care particip\u0103 personal militar \u00een centrul unui ora\u0219 dens populat\u201d, a transmis Ambasada Rusiei \u00een Rom\u00e2nia, \u00eentr-o postare pe Facebook.\u00a0<\/p>","protected":false},"excerpt":{"rendered":"<p>\u201dDin comunicatul Ministerului Ap\u0103r\u0103rii al Federa\u021biei Ruse privind evolu\u021bia Opera\u021biunii militare speciale, 14 aprilie 2025:&hellip;<\/p>\n","protected":false},"author":0,"featured_media":47165,"comment_status":"open","ping_status":"open","sticky":false,"template":"","format":"standard","meta":{"footnotes":""},"categories":[2],"tags":[],"class_list":["post-47168","post","type-post","status-publish","format-standard","has-post-thumbnail","hentry","category-actual"],"_links":{"self":[{"href":"https:\/\/247stiri.ro\/index.php\/wp-json\/wp\/v2\/posts\/47168","targetHints":{"allow":["GET"]}}],"collection":[{"href":"https:\/\/247stiri.ro\/index.php\/wp-json\/wp\/v2\/posts"}],"about":[{"href":"https:\/\/247stiri.ro\/index.php\/wp-json\/wp\/v2\/types\/post"}],"replies":[{"embeddable":true,"href":"https:\/\/247stiri.ro\/index.php\/wp-json\/wp\/v2\/comments?post=47168"}],"version-history":[{"count":0,"href":"https:\/\/247stiri.ro\/index.php\/wp-json\/wp\/v2\/posts\/47168\/revisions"}],"wp:featuredmedia":[{"embeddable":true,"href":"https:\/\/247stiri.ro\/index.php\/wp-json\/wp\/v2\/media\/47165"}],"wp:attachment":[{"href":"https:\/\/247stiri.ro\/index.php\/wp-json\/wp\/v2\/media?parent=47168"}],"wp:term":[{"taxonomy":"category","embeddable":true,"href":"https:\/\/247stiri.ro\/index.php\/wp-json\/wp\/v2\/categories?post=47168"},{"taxonomy":"post_tag","embeddable":true,"href":"https:\/\/247stiri.ro\/index.php\/wp-json\/wp\/v2\/tags?post=47168"}],"curies":[{"name":"wp","href":"https:\/\/api.w.org\/{rel}","templated":true}]}}