{"id":47171,"date":"2025-04-14T15:45:17","date_gmt":"2025-04-14T15:45:17","guid":{"rendered":"https:\/\/247stiri.ro\/index.php\/2025\/04\/14\/primarii-din-orasul-flamanzi-si-comuna-mihai-eminescu-acuzati-de-luare-de-mita-au-fost-arestati-preventiv\/"},"modified":"2025-04-14T15:45:17","modified_gmt":"2025-04-14T15:45:17","slug":"primarii-din-orasul-flamanzi-si-comuna-mihai-eminescu-acuzati-de-luare-de-mita-au-fost-arestati-preventiv","status":"publish","type":"post","link":"https:\/\/247stiri.ro\/index.php\/2025\/04\/14\/primarii-din-orasul-flamanzi-si-comuna-mihai-eminescu-acuzati-de-luare-de-mita-au-fost-arestati-preventiv\/","title":{"rendered":"Primarii din ora\u0219ul Fl\u0103m\u00e2nzi \u0219i comuna Mihai Eminescu, acuza\u021bi de luare de mit\u0103, au fost aresta\u021bi preventiv"},"content":{"rendered":"<p>Curtea de Apel Suceava a dispus, luni, arestarea pentru 30 de zile a celor doi, dup\u0103 ce ini\u021bial Tribunalul Suceava a decis ca ace\u0219tia s\u0103 fie cerceta\u021bi sub control judiciar.Solu\u021bia Tribunalului Suceava a fost contestat\u0103 at\u00e2t de procurorii anticorup\u021bie, c\u00e2t \u0219i de cei doi primari, iar instan\u021ba superioar\u0103 a decis, luni, s\u0103 emit\u0103 mandate de arestare preventiv\u0103 pe numele lui Oloeriu \u0219i Giread\u0103.O m\u0103sur\u0103 similar\u0103 a fost luat\u0103 \u0219i fa\u021b\u0103 de omul de afaceri Marcel B\u00eersan, acuzat de dare de mit\u0103.Potrivit unui comunicat transmis pe 8 aprilie de DNA, Verginel Giread\u0103 este cercetat pentru s\u0103v\u00e2r\u0219irea infrac\u021biunii de luare de mit\u0103 \u00een form\u0103 continuat\u0103, iar Dan Oloeriu pentru s\u0103v\u00e2r\u0219irea infrac\u021biunii de luare de mit\u0103, iar Marcel B\u00eersan pentru s\u0103v\u00e2r\u0219irea a dou\u0103 infrac\u021biuni de dare de mit\u0103, dintre care una \u00een form\u0103 continuat\u0103.DNA a dispus, s\u0103pt\u0103m\u00e2na trecut\u0103, punerea \u00een mi\u0219care a ac\u021biunii penale \u0219i luarea m\u0103surii controlului judiciar pe cau\u021biune \u00een valoare de 50.000 de euro, \u00eencep\u00e2nd cu data de 7 aprilie 2025, pe o perioad\u0103 de 60 de zile, fa\u021b\u0103 de Ionu\u021b Voicu, secretarul general al filialei teritoriale Boto\u0219ani a Partidului Na\u021bional Liberal, pentru s\u0103v\u00e2r\u0219irea infrac\u021biunii de trafic de influen\u021b\u0103, precum \u0219i a fostului primar al comunei Ungureni, Ilie Ivanache \u0219i a administratorului public al acelea\u0219i comune, Rare\u0219 Bat\u00eer, pentru s\u0103v\u00e2r\u0219irea infrac\u021biunilor de luare de mit\u0103 \u0219i folosirea, \u00een orice mod, direct sau indirect, de informa\u021bii ce nu sunt destinate publicit\u0103\u021bii ori permiterea accesului unor persoane neautorizate la aceste informa\u021bii.<\/p>","protected":false},"excerpt":{"rendered":"<p>Curtea de Apel Suceava a dispus, luni, arestarea pentru 30 de zile a celor doi,&hellip;<\/p>\n","protected":false},"author":0,"featured_media":47172,"comment_status":"open","ping_status":"open","sticky":false,"template":"","format":"standard","meta":{"footnotes":""},"categories":[2],"tags":[],"class_list":["post-47171","post","type-post","status-publish","format-standard","has-post-thumbnail","hentry","category-actual"],"_links":{"self":[{"href":"https:\/\/247stiri.ro\/index.php\/wp-json\/wp\/v2\/posts\/47171","targetHints":{"allow":["GET"]}}],"collection":[{"href":"https:\/\/247stiri.ro\/index.php\/wp-json\/wp\/v2\/posts"}],"about":[{"href":"https:\/\/247stiri.ro\/index.php\/wp-json\/wp\/v2\/types\/post"}],"replies":[{"embeddable":true,"href":"https:\/\/247stiri.ro\/index.php\/wp-json\/wp\/v2\/comments?post=47171"}],"version-history":[{"count":0,"href":"https:\/\/247stiri.ro\/index.php\/wp-json\/wp\/v2\/posts\/47171\/revisions"}],"wp:featuredmedia":[{"embeddable":true,"href":"https:\/\/247stiri.ro\/index.php\/wp-json\/wp\/v2\/media\/47172"}],"wp:attachment":[{"href":"https:\/\/247stiri.ro\/index.php\/wp-json\/wp\/v2\/media?parent=47171"}],"wp:term":[{"taxonomy":"category","embeddable":true,"href":"https:\/\/247stiri.ro\/index.php\/wp-json\/wp\/v2\/categories?post=47171"},{"taxonomy":"post_tag","embeddable":true,"href":"https:\/\/247stiri.ro\/index.php\/wp-json\/wp\/v2\/tags?post=47171"}],"curies":[{"name":"wp","href":"https:\/\/api.w.org\/{rel}","templated":true}]}}