{"id":47173,"date":"2025-04-14T15:45:18","date_gmt":"2025-04-14T15:45:18","guid":{"rendered":"https:\/\/247stiri.ro\/index.php\/2025\/04\/14\/barbatul-din-iasi-care-si-a-lovit-fosta-sotie-cu-ciocanul-si-a-incendiat-o-a-fost-prins-unde-l-au-gasit-politistii\/"},"modified":"2025-04-14T15:45:18","modified_gmt":"2025-04-14T15:45:18","slug":"barbatul-din-iasi-care-si-a-lovit-fosta-sotie-cu-ciocanul-si-a-incendiat-o-a-fost-prins-unde-l-au-gasit-politistii","status":"publish","type":"post","link":"https:\/\/247stiri.ro\/index.php\/2025\/04\/14\/barbatul-din-iasi-care-si-a-lovit-fosta-sotie-cu-ciocanul-si-a-incendiat-o-a-fost-prins-unde-l-au-gasit-politistii\/","title":{"rendered":"B\u0103rbatul din Ia\u0219i care \u0219i-a lovit fosta so\u021bie cu ciocanul \u0219i a incendiat-o a fost prins. Unde l-au g\u0103sit poli\u021bi\u0219tii"},"content":{"rendered":"<p>&#8221;\u00cen urma activit\u0103\u021bilor specifice desf\u0103\u0219urate, b\u0103rbatul b\u0103nuit de comiterea faptei a fost depistat de poli\u021bi\u0219ti, \u00een municipiul Ia\u0219i. Acesta va fi condus la cercet\u0103ri, urm\u00e2nd ca \u00een func\u021bie de cele constatate, s\u0103 fie dispuse m\u0103suri legale&#8221;, a declarat purt\u0103torul de cuv\u00e2nt al IPJ Ia\u0219i, Ioana B\u00eelea.<\/p>\n<p>Potrivit unor surse din cadrul anchetei, b\u0103rbatul \u00een v\u00e2rst\u0103 de 57 de ani a fost prins de oamenii legii \u00eentr-un cimitir din municipiul Ia\u0219i.<\/p>\n<p>V\u0103 reamintim c\u0103 individul era c\u0103utat de poli\u021bi\u0219ti dup\u0103 ce o femeie, \u00een v\u00e2rst\u0103 de 49 de ani, din Ia\u0219i, a fost adus\u0103 \u00een stare grav\u0103 la Spitalul &#8221;Sf.Spiridon&#8221;, luni diminea\u021ba, fiind b\u0103tut\u0103 cu <a href=\"https:\/\/www.realitatea.net\/stiri\/actual\/tentativa-de-crima-la-iasi-o-femeie-a-fost-lovita-cu-ciocanul-in-cap-si-incendiata-de-sotul-care-a-iesit-din-puscarie_67fcdfa15d5d2c66ed1794a2\" target=\"_blank\">ciocanul <\/a>\u0219i incendiat\u0103 de fostul so\u021b. Acesta a fost eliberat din \u00eenchisoare recent, dup\u0103 ce a isp\u0103\u0219it o condamnare de un an \u0219i jum\u0103tate pentru violen\u021b\u0103 \u00een familie.<\/p>\n<p>Vecinii femeii au fost cei care au dat alarma \u0219i au apelat Serviciul Na\u021bional de Urgen\u021b\u0103 112 pentru a solicita ajutor, timp \u00een care b\u0103rbatul a fugit.<\/p>","protected":false},"excerpt":{"rendered":"<p>&#8221;\u00cen urma activit\u0103\u021bilor specifice desf\u0103\u0219urate, b\u0103rbatul b\u0103nuit de comiterea faptei a fost depistat de poli\u021bi\u0219ti,&hellip;<\/p>\n","protected":false},"author":0,"featured_media":47174,"comment_status":"open","ping_status":"open","sticky":false,"template":"","format":"standard","meta":{"footnotes":""},"categories":[2],"tags":[],"class_list":["post-47173","post","type-post","status-publish","format-standard","has-post-thumbnail","hentry","category-actual"],"_links":{"self":[{"href":"https:\/\/247stiri.ro\/index.php\/wp-json\/wp\/v2\/posts\/47173","targetHints":{"allow":["GET"]}}],"collection":[{"href":"https:\/\/247stiri.ro\/index.php\/wp-json\/wp\/v2\/posts"}],"about":[{"href":"https:\/\/247stiri.ro\/index.php\/wp-json\/wp\/v2\/types\/post"}],"replies":[{"embeddable":true,"href":"https:\/\/247stiri.ro\/index.php\/wp-json\/wp\/v2\/comments?post=47173"}],"version-history":[{"count":0,"href":"https:\/\/247stiri.ro\/index.php\/wp-json\/wp\/v2\/posts\/47173\/revisions"}],"wp:featuredmedia":[{"embeddable":true,"href":"https:\/\/247stiri.ro\/index.php\/wp-json\/wp\/v2\/media\/47174"}],"wp:attachment":[{"href":"https:\/\/247stiri.ro\/index.php\/wp-json\/wp\/v2\/media?parent=47173"}],"wp:term":[{"taxonomy":"category","embeddable":true,"href":"https:\/\/247stiri.ro\/index.php\/wp-json\/wp\/v2\/categories?post=47173"},{"taxonomy":"post_tag","embeddable":true,"href":"https:\/\/247stiri.ro\/index.php\/wp-json\/wp\/v2\/tags?post=47173"}],"curies":[{"name":"wp","href":"https:\/\/api.w.org\/{rel}","templated":true}]}}