{"id":47181,"date":"2025-04-14T16:44:53","date_gmt":"2025-04-14T16:44:53","guid":{"rendered":"https:\/\/247stiri.ro\/index.php\/2025\/04\/14\/trafic-blocat-pe-dn2-un-tir-incarcat-melasa-s-a-rasturnat-in-localitatea-faraoani\/"},"modified":"2025-04-14T16:44:53","modified_gmt":"2025-04-14T16:44:53","slug":"trafic-blocat-pe-dn2-un-tir-incarcat-melasa-s-a-rasturnat-in-localitatea-faraoani","status":"publish","type":"post","link":"https:\/\/247stiri.ro\/index.php\/2025\/04\/14\/trafic-blocat-pe-dn2-un-tir-incarcat-melasa-s-a-rasturnat-in-localitatea-faraoani\/","title":{"rendered":"Trafic blocat pe DN2. Un TIR \u00eenc\u0103rcat melas\u0103 s-a r\u0103sturnat \u00een localitatea F\u0103r\u0103oani"},"content":{"rendered":"<p>Inspectoratul pentru Situa\u021bii de Urgen\u021b\u0103 (ISU) Bac\u0103u a anun\u021bat c\u0103 autocamionul era \u00eenmatriculat \u00een Bulgaria, iar p\u00e2n\u0103 la sosirea pompierulor \u0219oferul s-a autoevacuat \u0219i a fost preluat de un echipaj de la Serviciul de Ambulan\u021b\u0103 Jude\u021bean.<\/p>\n<p>&#8221;La momentul apelului, exista suspiciunea c\u0103 \u0219oferul ar fi \u00eencarcerat. La fa\u021ba locului s-au deplasat de urgen\u021b\u0103 o autospecial\u0103 pentru stingere cu ap\u0103 \u0219i spum\u0103, un echipaj de descarcerare \u0219i o ambulan\u021b\u0103 SAJ. La sosirea echipajelor de interven\u021bie, conduc\u0103torul autocamionului era ie\u0219it din cabina vehiculului, acesta prezent\u00e2nd multiple traumatisme. A fost preluat de echipajul medical SAJ pentru \u00eengrijiri de specialitate&#8221;, a declarat purt\u0103torul de cuv\u00e2nt al ISU Bac\u0103u, Ana Maria Cioarec.<\/p>\n<p>Potrivit reprezentan\u021bilor ISU, autocamionul transporta 14 containere din PVC \u00eenc\u0103rcate cu melas\u0103, o parte din \u00eenc\u0103rc\u0103tur\u0103 fiind deversat\u0103 pe carosabil.<\/p>\n<p>\u00cen urma acestui<a href=\"https:\/\/www.realitatea.net\/stiri\/actual\/accident-grav-in-calarasi-pe-dn3-o-persoana-a-murit-si-doua-au-fost-ranite_67fd276faa63eb20823716f2\" target=\"_blank\"> incident,<\/a> traficul rutier este blocat pe ambele sensuri de mers.\u00a0<\/p>","protected":false},"excerpt":{"rendered":"<p>Inspectoratul pentru Situa\u021bii de Urgen\u021b\u0103 (ISU) Bac\u0103u a anun\u021bat c\u0103 autocamionul era \u00eenmatriculat \u00een Bulgaria,&hellip;<\/p>\n","protected":false},"author":0,"featured_media":47182,"comment_status":"open","ping_status":"open","sticky":false,"template":"","format":"standard","meta":{"footnotes":""},"categories":[2],"tags":[],"class_list":["post-47181","post","type-post","status-publish","format-standard","has-post-thumbnail","hentry","category-actual"],"_links":{"self":[{"href":"https:\/\/247stiri.ro\/index.php\/wp-json\/wp\/v2\/posts\/47181","targetHints":{"allow":["GET"]}}],"collection":[{"href":"https:\/\/247stiri.ro\/index.php\/wp-json\/wp\/v2\/posts"}],"about":[{"href":"https:\/\/247stiri.ro\/index.php\/wp-json\/wp\/v2\/types\/post"}],"replies":[{"embeddable":true,"href":"https:\/\/247stiri.ro\/index.php\/wp-json\/wp\/v2\/comments?post=47181"}],"version-history":[{"count":0,"href":"https:\/\/247stiri.ro\/index.php\/wp-json\/wp\/v2\/posts\/47181\/revisions"}],"wp:featuredmedia":[{"embeddable":true,"href":"https:\/\/247stiri.ro\/index.php\/wp-json\/wp\/v2\/media\/47182"}],"wp:attachment":[{"href":"https:\/\/247stiri.ro\/index.php\/wp-json\/wp\/v2\/media?parent=47181"}],"wp:term":[{"taxonomy":"category","embeddable":true,"href":"https:\/\/247stiri.ro\/index.php\/wp-json\/wp\/v2\/categories?post=47181"},{"taxonomy":"post_tag","embeddable":true,"href":"https:\/\/247stiri.ro\/index.php\/wp-json\/wp\/v2\/tags?post=47181"}],"curies":[{"name":"wp","href":"https:\/\/api.w.org\/{rel}","templated":true}]}}