{"id":47185,"date":"2025-04-14T16:44:55","date_gmt":"2025-04-14T16:44:55","guid":{"rendered":"https:\/\/247stiri.ro\/index.php\/2025\/04\/14\/mihai-belu-despre-legaturile-lui-bolojan-cu-mafia-din-botosani-destinul-lui-iftime-depinde-de-declaratiile-pe-care-secretarul-sau-general-le-va-da-in-dosarul-lui-barsan\/"},"modified":"2025-04-14T16:44:55","modified_gmt":"2025-04-14T16:44:55","slug":"mihai-belu-despre-legaturile-lui-bolojan-cu-mafia-din-botosani-destinul-lui-iftime-depinde-de-declaratiile-pe-care-secretarul-sau-general-le-va-da-in-dosarul-lui-barsan","status":"publish","type":"post","link":"https:\/\/247stiri.ro\/index.php\/2025\/04\/14\/mihai-belu-despre-legaturile-lui-bolojan-cu-mafia-din-botosani-destinul-lui-iftime-depinde-de-declaratiile-pe-care-secretarul-sau-general-le-va-da-in-dosarul-lui-barsan\/","title":{"rendered":"Mihai Belu, despre leg\u0103turile lui Bolojan cu mafia din Boto\u0219ani: \u201dDestinul lui Iftime depinde de declara\u021biile pe care secretarul s\u0103u general le va da \u00een dosarul lui B\u00e2rsan\u201d"},"content":{"rendered":"<p>\u201ePu\u0219culi\u021ba lui Bolojan a cr\u0103pat. Afaceristul Marcel B\u00e2rsan a fost arestat \u00eentr-un dosar \u00een care este cercetat sub control judiciar \u0219i secretarul general al liberalilor din Boto\u0219ani.\u00a0Practic procurorii spun c\u0103 m\u00e2na dreapt\u0103 a lui Valeriu Iftime a luat bani de la B\u00e2rsan pentru a-i da contracte cu statul.\u00a0Firmele lui Iftime apar, la r\u00e2ndul lor, \u00een contracte de 2 MILIARDE DE EURO cu acela\u0219i stat. El a decis de anul trecut s\u0103 intre \u00een politic\u0103 \u0219i a devenit pre\u0219edinte la Consiliul Jude\u021bean din Boto\u0219ani. Firmele nu au schimbat nimic. \u00cencaseaz\u0103 tot de la stat.\u00a0Adus de Bolojan ca prim-vicepre\u0219edinte al PNL dup\u0103 alegeri, Iftime a f\u0103cut rapid un pas \u00een spate. Destinul s\u0103u depinde de declara\u021biile pe care secretarul s\u0103u general le va da \u00een dosarul lui Marcel B\u00e2rsan.\u00a0Ca o ironie a sor\u021bii, B\u00e2rsan a mai b\u0103gat la beci un pre\u0219edinte al Consiliului General din Boto\u0219ani. Florin \u021aurcanu a luat \u0219pag\u0103 de la B\u00e2rsan \u0219i a fost condamnat la \u00eenchisoare dup\u0103 ce afaceristul a povestit tot la procuratur\u0103 \u00een schimbul unei pedepse cu suspendara.\u201d, a declarat Mihai Belu pe pagina sa de Facebook.\u00a0<\/p>","protected":false},"excerpt":{"rendered":"<p>\u201ePu\u0219culi\u021ba lui Bolojan a cr\u0103pat. Afaceristul Marcel B\u00e2rsan a fost arestat \u00eentr-un dosar \u00een care&hellip;<\/p>\n","protected":false},"author":0,"featured_media":47180,"comment_status":"open","ping_status":"open","sticky":false,"template":"","format":"standard","meta":{"footnotes":""},"categories":[2],"tags":[],"class_list":["post-47185","post","type-post","status-publish","format-standard","has-post-thumbnail","hentry","category-actual"],"_links":{"self":[{"href":"https:\/\/247stiri.ro\/index.php\/wp-json\/wp\/v2\/posts\/47185","targetHints":{"allow":["GET"]}}],"collection":[{"href":"https:\/\/247stiri.ro\/index.php\/wp-json\/wp\/v2\/posts"}],"about":[{"href":"https:\/\/247stiri.ro\/index.php\/wp-json\/wp\/v2\/types\/post"}],"replies":[{"embeddable":true,"href":"https:\/\/247stiri.ro\/index.php\/wp-json\/wp\/v2\/comments?post=47185"}],"version-history":[{"count":0,"href":"https:\/\/247stiri.ro\/index.php\/wp-json\/wp\/v2\/posts\/47185\/revisions"}],"wp:featuredmedia":[{"embeddable":true,"href":"https:\/\/247stiri.ro\/index.php\/wp-json\/wp\/v2\/media\/47180"}],"wp:attachment":[{"href":"https:\/\/247stiri.ro\/index.php\/wp-json\/wp\/v2\/media?parent=47185"}],"wp:term":[{"taxonomy":"category","embeddable":true,"href":"https:\/\/247stiri.ro\/index.php\/wp-json\/wp\/v2\/categories?post=47185"},{"taxonomy":"post_tag","embeddable":true,"href":"https:\/\/247stiri.ro\/index.php\/wp-json\/wp\/v2\/tags?post=47185"}],"curies":[{"name":"wp","href":"https:\/\/api.w.org\/{rel}","templated":true}]}}