{"id":47200,"date":"2025-04-14T17:45:17","date_gmt":"2025-04-14T17:45:17","guid":{"rendered":"https:\/\/247stiri.ro\/index.php\/2025\/04\/14\/cetatea-lui-vlad-tepes-de-la-poenari-a-fost-publicului-dupa-indelungate-lucrari-de-conservare-si-restaurare\/"},"modified":"2025-04-14T17:45:17","modified_gmt":"2025-04-14T17:45:17","slug":"cetatea-lui-vlad-tepes-de-la-poenari-a-fost-publicului-dupa-indelungate-lucrari-de-conservare-si-restaurare","status":"publish","type":"post","link":"https:\/\/247stiri.ro\/index.php\/2025\/04\/14\/cetatea-lui-vlad-tepes-de-la-poenari-a-fost-publicului-dupa-indelungate-lucrari-de-conservare-si-restaurare\/","title":{"rendered":"Cetatea lui Vlad \u021aepe\u0219 de la Poenari a fost publicului dup\u0103 \u00eendelungate lucr\u0103ri de conservare \u0219i restaurare"},"content":{"rendered":"<p>Cetatea, aflat\u0103 pe teritoriul administrativ al comunei Arefu, este ridicat\u0103 pe un v\u00e2rf de munte, la intrarea \u00een Cheile Arge\u0219ului, l\u00e2ng\u0103 DN 7C &#8211; Transf\u0103g\u0103r\u0103\u0219an, accesul turi\u0219tilor f\u0103c\u00e2ndu-se pe 1.480 de trepte amenajate pe versant, prin p\u0103dure. Fortifica\u021bia a fost ini\u021bial construit\u0103 \u00een secolul al XIV-lea, fiind consolidat\u0103 \u0219i extins\u0103 \u00een timpul domniei lui Vlad \u021aepe\u0219.\u201eDe ast\u0103zi, cel mai cunoscut obiectiv turistic al jude\u021bului, cel care atrage peste 100.000 de turi\u0219ti anual, at\u00e2t din \u021bar\u0103 c\u00e2t \u0219i din str\u0103in\u0103tate, a fost redeschis. \u00cenc\u0103 din primele minute de la deschidere, zeci de turi\u0219ti au urcat, al\u0103turi de oficialit\u0103\u021bi, cele 1.480 de trepte care duc la cetate (&#8230;). Cel mai t\u00e2n\u0103r turist a fost Eveline, o feti\u021b\u0103 de numai 5 ani \u0219i jum\u0103tate, venit\u0103 din Bucure\u0219ti \u00eempreun\u0103 cu p\u0103rin\u021bii ei\u201d, se arat\u0103 \u00eentr-un comunicat al Consiliului Jude\u021bean (CJ) Arge\u0219.<\/p>","protected":false},"excerpt":{"rendered":"<p>Cetatea, aflat\u0103 pe teritoriul administrativ al comunei Arefu, este ridicat\u0103 pe un v\u00e2rf de munte,&hellip;<\/p>\n","protected":false},"author":0,"featured_media":47201,"comment_status":"open","ping_status":"open","sticky":false,"template":"","format":"standard","meta":{"footnotes":""},"categories":[2],"tags":[],"class_list":["post-47200","post","type-post","status-publish","format-standard","has-post-thumbnail","hentry","category-actual"],"_links":{"self":[{"href":"https:\/\/247stiri.ro\/index.php\/wp-json\/wp\/v2\/posts\/47200","targetHints":{"allow":["GET"]}}],"collection":[{"href":"https:\/\/247stiri.ro\/index.php\/wp-json\/wp\/v2\/posts"}],"about":[{"href":"https:\/\/247stiri.ro\/index.php\/wp-json\/wp\/v2\/types\/post"}],"replies":[{"embeddable":true,"href":"https:\/\/247stiri.ro\/index.php\/wp-json\/wp\/v2\/comments?post=47200"}],"version-history":[{"count":0,"href":"https:\/\/247stiri.ro\/index.php\/wp-json\/wp\/v2\/posts\/47200\/revisions"}],"wp:featuredmedia":[{"embeddable":true,"href":"https:\/\/247stiri.ro\/index.php\/wp-json\/wp\/v2\/media\/47201"}],"wp:attachment":[{"href":"https:\/\/247stiri.ro\/index.php\/wp-json\/wp\/v2\/media?parent=47200"}],"wp:term":[{"taxonomy":"category","embeddable":true,"href":"https:\/\/247stiri.ro\/index.php\/wp-json\/wp\/v2\/categories?post=47200"},{"taxonomy":"post_tag","embeddable":true,"href":"https:\/\/247stiri.ro\/index.php\/wp-json\/wp\/v2\/tags?post=47200"}],"curies":[{"name":"wp","href":"https:\/\/api.w.org\/{rel}","templated":true}]}}