{"id":47202,"date":"2025-04-14T17:45:18","date_gmt":"2025-04-14T17:45:18","guid":{"rendered":"https:\/\/247stiri.ro\/index.php\/2025\/04\/14\/seful-consiliului-concurentei-critica-dur-plafonarea-preturilor-la-energie-unii-au-castigat-foarte-mult-legal-dar-imoral\/"},"modified":"2025-04-14T17:45:18","modified_gmt":"2025-04-14T17:45:18","slug":"seful-consiliului-concurentei-critica-dur-plafonarea-preturilor-la-energie-unii-au-castigat-foarte-mult-legal-dar-imoral","status":"publish","type":"post","link":"https:\/\/247stiri.ro\/index.php\/2025\/04\/14\/seful-consiliului-concurentei-critica-dur-plafonarea-preturilor-la-energie-unii-au-castigat-foarte-mult-legal-dar-imoral\/","title":{"rendered":"\u0218eful Consiliului Concuren\u021bei critic\u0103 dur plafonarea pre\u021burilor la energie: \u201eUnii au c\u00e2\u0219tigat foarte mult, legal, dar imoral!\u201d"},"content":{"rendered":"<p>&#8222;Noi (Consiliul Concuren\u0163ei, n.r.), fanii plafon\u0103rii n-am fost niciodat\u0103. Cred c\u0103 a fost excesiv\u0103 (&#8230;) Am introdus-o \u015fi devreme &#8211; \u015fi a fost bine c\u0103 am introdus-o. Dar, \u00een acela\u015fi timp, faptul c\u0103 s-a plafonat pentru toat\u0103 lumea, cred c\u0103 a fost excesiv &#8211; \u015fi au fost \u015fi anumite probleme \u00een pia\u0163\u0103, care au permis unora s\u0103 c\u00e2\u015ftige mul\u0163i bani, posibil legal. Ne uit\u0103m \u015fi noi dac\u0103 cumva s-a \u00eenc\u0103lcat legea \u00een perioada aia, dar din modul cum a fost g\u00e2ndit\u0103 schema au fost posibilit\u0103\u0163i de c\u00e2\u015ftiguri legale, dar imorale, nejustificate din punct de vedere al oportunit\u0103\u0163ii. Deci, nu cred c\u0103 trebuie s\u0103 continue&#8221;, a men\u0163ionat Bogdan Chiri\u0163oiu, la Forumul Energiei, organizat de Financial Intelligence.<\/p>\n<p>\u0218i companiile au nevoie de sprijin, nu doar popula\u0163ia<\/p>\n<p>&#8222;Am \u00een\u0163eles c\u0103 domnul ministru spune c\u0103 se lucreaz\u0103 la un plan de protejare a popula\u0163iei care este vulnerabil\u0103, ceea ce este absolut firesc. M\u0103 bucur c\u0103 domnul ministru a spus \u015fi c\u0103 se lucreaz\u0103 la un plan pentru companiile care sunt mari consumatoare de energie. Pentru c\u0103 aici mi se pare c\u0103 n-am g\u00e2ndit lucrurile foarte bine. Am mers pe ideea c\u0103 popula\u0163ia o protej\u0103m, noi protej\u0103m pe cei care consum\u0103 mai pu\u0163in, deci b\u0103nuim c\u0103 sunt mai s\u0103raci &#8211; \u015fi la companii am f\u0103cut cam la fel, ceea ce la companii, logica e alta, deci trebuie s\u0103-i protejezi pe aceia care consum\u0103 mult, nu pe aceia care consum\u0103 pu\u0163in. Deci, aici cred c\u0103 lucrurile nu au fost foarte bine g\u00e2ndite. Eu sper c\u0103 vom avea m\u0103suri pentru companiile mari consumatoare de energie \u015fi electricitate \u015fi gaz&#8221;, a punctat Bogdan Chiri\u0163oiu.<\/p>","protected":false},"excerpt":{"rendered":"<p>&#8222;Noi (Consiliul Concuren\u0163ei, n.r.), fanii plafon\u0103rii n-am fost niciodat\u0103. Cred c\u0103 a fost excesiv\u0103 (&#8230;)&hellip;<\/p>\n","protected":false},"author":0,"featured_media":47203,"comment_status":"open","ping_status":"open","sticky":false,"template":"","format":"standard","meta":{"footnotes":""},"categories":[2],"tags":[],"class_list":["post-47202","post","type-post","status-publish","format-standard","has-post-thumbnail","hentry","category-actual"],"_links":{"self":[{"href":"https:\/\/247stiri.ro\/index.php\/wp-json\/wp\/v2\/posts\/47202","targetHints":{"allow":["GET"]}}],"collection":[{"href":"https:\/\/247stiri.ro\/index.php\/wp-json\/wp\/v2\/posts"}],"about":[{"href":"https:\/\/247stiri.ro\/index.php\/wp-json\/wp\/v2\/types\/post"}],"replies":[{"embeddable":true,"href":"https:\/\/247stiri.ro\/index.php\/wp-json\/wp\/v2\/comments?post=47202"}],"version-history":[{"count":0,"href":"https:\/\/247stiri.ro\/index.php\/wp-json\/wp\/v2\/posts\/47202\/revisions"}],"wp:featuredmedia":[{"embeddable":true,"href":"https:\/\/247stiri.ro\/index.php\/wp-json\/wp\/v2\/media\/47203"}],"wp:attachment":[{"href":"https:\/\/247stiri.ro\/index.php\/wp-json\/wp\/v2\/media?parent=47202"}],"wp:term":[{"taxonomy":"category","embeddable":true,"href":"https:\/\/247stiri.ro\/index.php\/wp-json\/wp\/v2\/categories?post=47202"},{"taxonomy":"post_tag","embeddable":true,"href":"https:\/\/247stiri.ro\/index.php\/wp-json\/wp\/v2\/tags?post=47202"}],"curies":[{"name":"wp","href":"https:\/\/api.w.org\/{rel}","templated":true}]}}