{"id":47208,"date":"2025-04-14T18:44:47","date_gmt":"2025-04-14T18:44:47","guid":{"rendered":"https:\/\/247stiri.ro\/index.php\/2025\/04\/14\/george-simion-calin-georgescu-mi-a-spus-in-2023-ca-va-veni-la-conducerea-romaniei-dar-ca-nu-vom-avea-turul-2\/"},"modified":"2025-04-14T18:44:47","modified_gmt":"2025-04-14T18:44:47","slug":"george-simion-calin-georgescu-mi-a-spus-in-2023-ca-va-veni-la-conducerea-romaniei-dar-ca-nu-vom-avea-turul-2","status":"publish","type":"post","link":"https:\/\/247stiri.ro\/index.php\/2025\/04\/14\/george-simion-calin-georgescu-mi-a-spus-in-2023-ca-va-veni-la-conducerea-romaniei-dar-ca-nu-vom-avea-turul-2\/","title":{"rendered":"George Simion: \u201eC\u0103lin Georgescu mi-a spus, \u00een 2023, c\u0103 va veni la conducerea Rom\u00e2niei, dar c\u0103 nu vom avea turul 2\u201d"},"content":{"rendered":"<p>\u201e C\u0103lin Georgescu va avea, \u00een perioada urm\u0103toare, mai multe apari\u021bii. Domnul C\u0103lin Georgescu va ap\u0103rea \u0219i va conduce Rom\u00e2nia. Am aceast\u0103 credin\u021b\u0103. \u0218i rolul meu \u0219i a echipei din mi\u0219carea suveranist\u0103 este s\u0103 facem acest lucru posibil\u201d, a spus Simion.<\/p>\n<p>Candidatul la alegerile preziden\u021biale a m\u0103rturisit, de asemenea, c\u0103 Georgescu i-a transmis \u201e\u00een 2023 c\u0103 nu vom avea turul 2\u201d.<\/p>\n<p>\u201eEu \u00een 2023 n-aveam suficient\u0103 credin\u021b\u0103 \u0219i domnul Georgescu mi-a spus: \u00abvoi veni la conducerea Rom\u00e2niei, nu vom avea turul 2\u00bb. Poate p\u0103rea ciudat pentru unii care nu \u00een\u021beleg lucrurile. C\u00e2nd am avut ultima discu\u021bie fa\u021b\u0103 \u00een fa\u021b\u0103 cu domnul Georgescu, m-am f\u00e2st\u00e2cit \u0219i mi-am cerut scuze, c\u0103 n-am avut suficient\u0103 credin\u021b\u0103\u201d, a declarat Simion.<\/p>\n<p>El a ad\u0103ugat c\u0103 Georgescu a prezis, de asemenea, pandemia de Covid-19. \u201eSunt unii oameni care au informa\u021bii care nou\u0103 ni se par SF\u201d, a subliniat liderul.<\/p>\n<p>Rela\u021bia lui George Simion cu Victor Ponta<\/p>\n<p>\u00cen cadrul aceleia\u0219i emisiuni, candidatul AUR a vorbit \u0219i despre rela\u021bia sa cu Victor Ponta, neg\u00e2nd existen\u021ba unei apropieri speciale \u00eentre ei. \u201eNu m\u0103 leag\u0103 nimic de domnul Ponta, care se pretinde a fi fratele meu mai mare\u201d, a precizat Simion, dezv\u0103luind c\u0103 a avut trei \u00eent\u00e2lniri cu fostul premier, iar la una Ponta ar fi chemat paparazzi pentru a-i fotografia \u00eempreun\u0103.<\/p>\n<p>Simion a men\u021bionat c\u0103 Victor Ponta \u00ee\u0219i dorea o alian\u021b\u0103 \u00eentre Pro Rom\u00e2nia \u0219i AUR, propunere pe care el a refuzat-o.<\/p>","protected":false},"excerpt":{"rendered":"<p>\u201e C\u0103lin Georgescu va avea, \u00een perioada urm\u0103toare, mai multe apari\u021bii. Domnul C\u0103lin Georgescu va&hellip;<\/p>\n","protected":false},"author":0,"featured_media":47207,"comment_status":"open","ping_status":"open","sticky":false,"template":"","format":"standard","meta":{"footnotes":""},"categories":[2],"tags":[],"class_list":["post-47208","post","type-post","status-publish","format-standard","has-post-thumbnail","hentry","category-actual"],"_links":{"self":[{"href":"https:\/\/247stiri.ro\/index.php\/wp-json\/wp\/v2\/posts\/47208","targetHints":{"allow":["GET"]}}],"collection":[{"href":"https:\/\/247stiri.ro\/index.php\/wp-json\/wp\/v2\/posts"}],"about":[{"href":"https:\/\/247stiri.ro\/index.php\/wp-json\/wp\/v2\/types\/post"}],"replies":[{"embeddable":true,"href":"https:\/\/247stiri.ro\/index.php\/wp-json\/wp\/v2\/comments?post=47208"}],"version-history":[{"count":0,"href":"https:\/\/247stiri.ro\/index.php\/wp-json\/wp\/v2\/posts\/47208\/revisions"}],"wp:featuredmedia":[{"embeddable":true,"href":"https:\/\/247stiri.ro\/index.php\/wp-json\/wp\/v2\/media\/47207"}],"wp:attachment":[{"href":"https:\/\/247stiri.ro\/index.php\/wp-json\/wp\/v2\/media?parent=47208"}],"wp:term":[{"taxonomy":"category","embeddable":true,"href":"https:\/\/247stiri.ro\/index.php\/wp-json\/wp\/v2\/categories?post=47208"},{"taxonomy":"post_tag","embeddable":true,"href":"https:\/\/247stiri.ro\/index.php\/wp-json\/wp\/v2\/tags?post=47208"}],"curies":[{"name":"wp","href":"https:\/\/api.w.org\/{rel}","templated":true}]}}