{"id":47218,"date":"2025-04-14T19:45:39","date_gmt":"2025-04-14T19:45:39","guid":{"rendered":"https:\/\/247stiri.ro\/index.php\/2025\/04\/14\/marius-tuca-despre-interviul-acordat-de-calin-georgescu-lui-tucker-carlson-e-un-mesaj-puternic-pentru-americani-pune-sub-semnul-intrebarii-alegerile-din-mai\/"},"modified":"2025-04-14T19:45:39","modified_gmt":"2025-04-14T19:45:39","slug":"marius-tuca-despre-interviul-acordat-de-calin-georgescu-lui-tucker-carlson-e-un-mesaj-puternic-pentru-americani-pune-sub-semnul-intrebarii-alegerile-din-mai","status":"publish","type":"post","link":"https:\/\/247stiri.ro\/index.php\/2025\/04\/14\/marius-tuca-despre-interviul-acordat-de-calin-georgescu-lui-tucker-carlson-e-un-mesaj-puternic-pentru-americani-pune-sub-semnul-intrebarii-alegerile-din-mai\/","title":{"rendered":"Marius Tuc\u0103, despre interviul acordat de C\u0103lin Georgescu lui Tucker Carlson: \u201dE un mesaj puternic pentru americani. Pune sub semnul \u00eentreb\u0103rii alegerile din mai\u201d"},"content":{"rendered":"<p>\u201dMie mi se pare un interviu absolut excep\u021bional pentru c\u0103, spre deosebire de orice alt candidat, C\u0103lin Georgescu vine \u0219i spune, \u0219tii cum? Ca s\u0103 fii filosof trebuie s\u0103 ai un sistem. La <a href=\"https:\/\/www.realitatea.net\/stiri\/actual\/ora-2000-calin-georgescu-rupe-tacerea-intrun-interviueveniment-acordat-lui-tucker-carlson-videolive-text_67f7f01f059b4103511a0282\" target=\"_blank\">C\u0103lin Georgescu<\/a> e foarte clar c\u0103 sunt c\u00e2teva idei c\u00e2t se poate de clare \u00een leg\u0103tur\u0103 cu ce a vrut s\u0103 fac\u0103 cu Rom\u00e2nia.\u00a0<\/p>\n<p>Cred c\u0103 e un moment important, momentul \u00een care a fost luat interviul, sigur, e adev\u0103rat, aici sunt total de acord cu ce spune marele Jack, pe numele de scen\u0103 Ion Cristoiu, \u0219i anume c\u0103 vii \u0219i faci un interviu cu un personaj interesant, iar \u00eentotdeauna Tucker Carlson a f\u0103cut asta. Nu e orice fel de jurnalist, este unul dintre cei mai mari jurnali\u0219ti ai lumii.\u00a0Momentul spun c\u0103 este foarte important pentru c\u0103 Rom\u00e2nia este \u00eentr-o campanie electoral\u0103, dar \u00een acela\u0219i timp, \u00een fiecare zi, auzim voci importante despre anularea alegerilor, despre faptul c\u0103 aceast\u0103 anulare a alegerilor a fost o lovitur\u0103 de stat, faptul c\u0103 BEC l-a interzis pe C\u0103lin Georgescu e o alt\u0103 lovitur\u0103 de stat.\u00a0<\/p>\n<p>Am tot preg\u0103tit cu Ion Cristoiu \u0219i probabil c\u0103 o s\u0103 d\u0103m, dac\u0103 nu s\u0103pt\u0103m\u00e2na asta pentru c\u0103 ne trebuie foarte mult timp \u0219i s\u0103pt\u0103m\u00e2na asta este una important\u0103, o s\u0103 d\u0103m cronologia exact a\u0219a cum s-a desf\u0103\u0219urat aceast\u0103 lovitur\u0103 de stat pe puncte.\u00a0<\/p>\n<p>E un interviu dat pentru americani, e un interviu care este \u0219i un strig\u0103t de ajutor, dar acest strigt de ajutor este f\u0103cut cu demnitate: Uite ce s-a \u00eent\u00e2mplat \u00een Rom\u00e2nia \u0219i ce se \u00eent\u00e2mpl\u0103 \u00een continuare! Statul rom\u00e2n este captivul unui cartel, mai mult sau mai pu\u021bin mafiot, pentru c\u0103 lucrurile a\u0219a stau \u0219i am v\u0103zut apari\u021bia lui C\u0103lin Georgescu, dar cel mai important lucru din apari\u021bia \u0219i candidatura lui C\u0103lin Georgescu, ne-a ar\u0103tat c\u0103 statul rom\u00e2n este gol, c\u0103 este g\u0103unos, c\u0103 este un stat care nu mai are principii democratice. Tot ceea ce s-a \u00eent\u00e2mplat din 24 noiembrie, \u0219i aici am fost de acord cu Ion Cristoiu, c\u0103 au fost mai multe crime \u00eempotriva democra\u021biei.\u00a0<\/p>\n<p>Ei bine, e un SOS f\u0103cut cu demnitate \u0219i cu for\u021b\u0103, \u00een acela\u0219i timp, vorbind despre ce i s-a \u00eent\u00e2mplat lui aici, c\u0103 i s-a \u00eent\u00e2mplat \u0219i lui Donald Trump. Sunt foarte multe trimiteri legate despre ceea ce s-a \u00eent\u00e2mplat \u00een America \u0219i ac\u021biunile la care a fost supus Trump, merg\u00e2nd p\u00e2n\u0103 acolo s\u0103 fie lichidat fizic, vorbim despre cenzura, dar \u0219i despre procesele, nu \u00eent\u00e2mpl\u0103tor se vorbe\u0219te despre arestarea pentru c\u00e2teva ore a lui C\u0103lin Georegescu.\u00a0<\/p>\n<p>E un mesaj puternic pentru americani c\u0103rora le spune \u0219i, de fapt, le spune Rom\u00e2nia prin C\u0103lin Georgescu, c\u0103 tot ceea ce s-a \u00eent\u00e2mplat aici nu mai are nicio leg\u0103tur\u0103 cu decmocra\u021bia \u0219i pune, pentru c\u0103 asta este cel mai important lucru, sub semnul \u00eentreb\u0103rii alegerile prezideniale care au loc \u00een luna mai\u201d, a declarat Marius Tuc\u0103, la Realitatea PLUS.\u00a0<\/p>","protected":false},"excerpt":{"rendered":"<p>\u201dMie mi se pare un interviu absolut excep\u021bional pentru c\u0103, spre deosebire de orice alt&hellip;<\/p>\n","protected":false},"author":0,"featured_media":47216,"comment_status":"open","ping_status":"open","sticky":false,"template":"","format":"standard","meta":{"footnotes":""},"categories":[2],"tags":[],"class_list":["post-47218","post","type-post","status-publish","format-standard","has-post-thumbnail","hentry","category-actual"],"_links":{"self":[{"href":"https:\/\/247stiri.ro\/index.php\/wp-json\/wp\/v2\/posts\/47218","targetHints":{"allow":["GET"]}}],"collection":[{"href":"https:\/\/247stiri.ro\/index.php\/wp-json\/wp\/v2\/posts"}],"about":[{"href":"https:\/\/247stiri.ro\/index.php\/wp-json\/wp\/v2\/types\/post"}],"replies":[{"embeddable":true,"href":"https:\/\/247stiri.ro\/index.php\/wp-json\/wp\/v2\/comments?post=47218"}],"version-history":[{"count":0,"href":"https:\/\/247stiri.ro\/index.php\/wp-json\/wp\/v2\/posts\/47218\/revisions"}],"wp:featuredmedia":[{"embeddable":true,"href":"https:\/\/247stiri.ro\/index.php\/wp-json\/wp\/v2\/media\/47216"}],"wp:attachment":[{"href":"https:\/\/247stiri.ro\/index.php\/wp-json\/wp\/v2\/media?parent=47218"}],"wp:term":[{"taxonomy":"category","embeddable":true,"href":"https:\/\/247stiri.ro\/index.php\/wp-json\/wp\/v2\/categories?post=47218"},{"taxonomy":"post_tag","embeddable":true,"href":"https:\/\/247stiri.ro\/index.php\/wp-json\/wp\/v2\/tags?post=47218"}],"curies":[{"name":"wp","href":"https:\/\/api.w.org\/{rel}","templated":true}]}}