{"id":47231,"date":"2025-04-14T20:45:19","date_gmt":"2025-04-14T20:45:19","guid":{"rendered":"https:\/\/247stiri.ro\/index.php\/2025\/04\/14\/emil-hurezeanu-a-pledat-la-reuniunea-cae-pentru-consolidarea-regimului-de-sanctiuni-privind-actiunile-hibride-ale-rusiei\/"},"modified":"2025-04-14T20:45:19","modified_gmt":"2025-04-14T20:45:19","slug":"emil-hurezeanu-a-pledat-la-reuniunea-cae-pentru-consolidarea-regimului-de-sanctiuni-privind-actiunile-hibride-ale-rusiei","status":"publish","type":"post","link":"https:\/\/247stiri.ro\/index.php\/2025\/04\/14\/emil-hurezeanu-a-pledat-la-reuniunea-cae-pentru-consolidarea-regimului-de-sanctiuni-privind-actiunile-hibride-ale-rusiei\/","title":{"rendered":"Emil Hurezeanu a pledat, la reuniunea CAE, pentru consolidarea regimului de sanc\u021biuni privind ac\u021biunile hibride ale Rusiei"},"content":{"rendered":"<p>Potrivit unui comunicat de pres\u0103 transmis de Ministerul Afacerilor Externe (MAE), oficialii \u021b\u0103rilor UE au avut discu\u021bii privind agresiunea Rusiei \u00eempotriva Ucrainei, evolu\u021biile din Orientul Mijlociu \u0219i Siria, rela\u021biile UE &#8211; Africa, precum \u0219i Balcanii de Vest. La punctul afaceri curente au fost discutate rela\u021biile Armenia &#8211; Azerbaidjan.Cu privire la agresiunea Rusiei \u00eempotriva Ucrainei, ministrul rom\u00e2n de Externe a reiterat &#8216;sprijinul ferm pentru o pace just\u0103 \u0219i durabil\u0103, sus\u021binut\u0103 de garan\u021bii de securitate solide, cu sprijinul SUA \u0219i cu implicarea statelor europene&#8217; \u0219i a &#8216;a subliniat necesitatea continu\u0103rii \u0219i consolid\u0103rii sprijinului multidimensional pentru Ucraina, exprim\u00e2nd sus\u021binere pentru ini\u021biativa \u00cenaltului Reprezentant Kallas de sprijin militar pentru Ucraina&#8217;.\u201e\u0218eful diploma\u021biei rom\u00e2ne a pledat at\u00e2t pentru continuarea presiunii asupra Rusiei prin adoptarea unui nou pachet de m\u0103suri restrictive, c\u00e2t \u0219i pentru consolidarea regimului de sanc\u021biuni privind ac\u021biunile hibride ale Rusiei. De asemenea, a reiterat sprijinul pentru avansarea negocierilor de aderare a Ucrainei \u0219i Republicii Moldova la UE \u00een timpul Pre\u0219edin\u021biei poloneze a Consiliului UE\u201d, men\u021bioneaz\u0103 comunicatul MAE.<\/p>","protected":false},"excerpt":{"rendered":"<p>Potrivit unui comunicat de pres\u0103 transmis de Ministerul Afacerilor Externe (MAE), oficialii \u021b\u0103rilor UE au&hellip;<\/p>\n","protected":false},"author":0,"featured_media":47224,"comment_status":"open","ping_status":"open","sticky":false,"template":"","format":"standard","meta":{"footnotes":""},"categories":[2],"tags":[],"class_list":["post-47231","post","type-post","status-publish","format-standard","has-post-thumbnail","hentry","category-actual"],"_links":{"self":[{"href":"https:\/\/247stiri.ro\/index.php\/wp-json\/wp\/v2\/posts\/47231","targetHints":{"allow":["GET"]}}],"collection":[{"href":"https:\/\/247stiri.ro\/index.php\/wp-json\/wp\/v2\/posts"}],"about":[{"href":"https:\/\/247stiri.ro\/index.php\/wp-json\/wp\/v2\/types\/post"}],"replies":[{"embeddable":true,"href":"https:\/\/247stiri.ro\/index.php\/wp-json\/wp\/v2\/comments?post=47231"}],"version-history":[{"count":0,"href":"https:\/\/247stiri.ro\/index.php\/wp-json\/wp\/v2\/posts\/47231\/revisions"}],"wp:featuredmedia":[{"embeddable":true,"href":"https:\/\/247stiri.ro\/index.php\/wp-json\/wp\/v2\/media\/47224"}],"wp:attachment":[{"href":"https:\/\/247stiri.ro\/index.php\/wp-json\/wp\/v2\/media?parent=47231"}],"wp:term":[{"taxonomy":"category","embeddable":true,"href":"https:\/\/247stiri.ro\/index.php\/wp-json\/wp\/v2\/categories?post=47231"},{"taxonomy":"post_tag","embeddable":true,"href":"https:\/\/247stiri.ro\/index.php\/wp-json\/wp\/v2\/tags?post=47231"}],"curies":[{"name":"wp","href":"https:\/\/api.w.org\/{rel}","templated":true}]}}