{"id":47277,"date":"2025-04-15T06:44:49","date_gmt":"2025-04-15T06:44:49","guid":{"rendered":"https:\/\/247stiri.ro\/index.php\/2025\/04\/15\/marius-tuca-georgescu-stie-clar-ce-a-vrut-sa-faca-pentru-tara\/"},"modified":"2025-04-15T06:44:49","modified_gmt":"2025-04-15T06:44:49","slug":"marius-tuca-georgescu-stie-clar-ce-a-vrut-sa-faca-pentru-tara","status":"publish","type":"post","link":"https:\/\/247stiri.ro\/index.php\/2025\/04\/15\/marius-tuca-georgescu-stie-clar-ce-a-vrut-sa-faca-pentru-tara\/","title":{"rendered":"Marius Tuc\u0103: \u201eGeorgescu \u0219tie clar ce a vrut s\u0103 fac\u0103 pentru \u021bar\u0103!\u201d"},"content":{"rendered":"<p>Tuc\u0103: \u201eStatul rom\u00e2n nu mai are principii democratice!\u201d<\/p>\n<p>\u201eStatul rom\u00e2n este captiv unui cartel mai mult sau mai pu\u021bin mafiot pentru c\u0103 lucrurile a\u0219a stau \u0219i am v\u0103zut apari\u021bia lui C\u0103lin Georgescu, dar cel mai important ne-a ar\u0103tat c\u0103 statul este gol&#8230; este g\u0103unos&#8230; un stat care nu mai are principii democratice.<\/p>\n<p>A fost o crim\u0103 \u00eempotriva democra\u021biei.<\/p>\n<p>Nu \u00eent\u00e2mpl\u0103tor se vorbe\u0219te despre ridicarea \u0219i arestarea lui C\u0103lin Georgescu. E un mesaj puternic pentru americani. Rom\u00e2nia spune prin C\u0103lin Georgescu c\u0103 tot ce s-a \u00eent\u00e2mplat aici nu mai are nicio leg\u0103tur\u0103 cu democra\u021bia \u0219i pune sub semnul \u00eentreb\u0103rii alegerile care au loc in luna mai.<\/p>\n<p>Depinde de noi \u0219i numai de noi p\u00e2n\u0103 s\u0103 a\u0219tept\u0103m de la americani un semn de felul \u0103sta. S\u0103 spunem lumii \u00eentregi ce s-a \u00eent\u00e2mplat \u00een Rom\u00e2nia \u0219i a\u0219 fi vrut ca \u0219i oamenii care au v\u0103zut cum C\u0103lin Georgescu care a fost votat de peste 2 milioane de oameni a fost arestat pentru c\u00e2teva ore&#8230; s\u0103 ias\u0103 nu o mie, nu 2 mii, ci 100 de mii.<\/p>\n<p>Tr\u0103im \u00eentr-un Matrix. Vreau s\u0103 detaliez partea de cenzur\u0103, loviturile n-au fost \u00eent\u00e2mpl\u0103toare&#8230; toate loviturile soro\u0219iste n-au fost \u00eent\u00e2mpl\u0103toare.<\/p>\n<p>\u021ainta lor este foarte clar\u0103 \u00een momentul \u0103sta e o cenzur\u0103 foarte clar\u0103. Sunt sanc\u021bionat drastic cu \u00eenchiderea conturilor to\u021bi cei care vorbesc despre ce s-a \u00eent\u00e2mplat \u00een Rom\u00e2nia.\u201d, a transmis <a href=\"https:\/\/www.realitatea.net\/stiri\/actual\/marius-tuca-despre-interviul-acordat-de-calin-georgescu-lui-tucker-carlson-e-un-mesaj-puternic-pentru-americani-pune-sub-semnul-intrebarii-alegerile-din-mai_67fd57bf60a5f13d027ba8b2\" target=\"_blank\">jurnalistul Marius Tuc\u0103.<\/a><\/p>","protected":false},"excerpt":{"rendered":"<p>Tuc\u0103: \u201eStatul rom\u00e2n nu mai are principii democratice!\u201d \u201eStatul rom\u00e2n este captiv unui cartel mai&hellip;<\/p>\n","protected":false},"author":0,"featured_media":47278,"comment_status":"open","ping_status":"open","sticky":false,"template":"","format":"standard","meta":{"footnotes":""},"categories":[3],"tags":[],"class_list":["post-47277","post","type-post","status-publish","format-standard","has-post-thumbnail","hentry","category-politica"],"_links":{"self":[{"href":"https:\/\/247stiri.ro\/index.php\/wp-json\/wp\/v2\/posts\/47277","targetHints":{"allow":["GET"]}}],"collection":[{"href":"https:\/\/247stiri.ro\/index.php\/wp-json\/wp\/v2\/posts"}],"about":[{"href":"https:\/\/247stiri.ro\/index.php\/wp-json\/wp\/v2\/types\/post"}],"replies":[{"embeddable":true,"href":"https:\/\/247stiri.ro\/index.php\/wp-json\/wp\/v2\/comments?post=47277"}],"version-history":[{"count":0,"href":"https:\/\/247stiri.ro\/index.php\/wp-json\/wp\/v2\/posts\/47277\/revisions"}],"wp:featuredmedia":[{"embeddable":true,"href":"https:\/\/247stiri.ro\/index.php\/wp-json\/wp\/v2\/media\/47278"}],"wp:attachment":[{"href":"https:\/\/247stiri.ro\/index.php\/wp-json\/wp\/v2\/media?parent=47277"}],"wp:term":[{"taxonomy":"category","embeddable":true,"href":"https:\/\/247stiri.ro\/index.php\/wp-json\/wp\/v2\/categories?post=47277"},{"taxonomy":"post_tag","embeddable":true,"href":"https:\/\/247stiri.ro\/index.php\/wp-json\/wp\/v2\/tags?post=47277"}],"curies":[{"name":"wp","href":"https:\/\/api.w.org\/{rel}","templated":true}]}}