{"id":47279,"date":"2025-04-15T06:44:50","date_gmt":"2025-04-15T06:44:50","guid":{"rendered":"https:\/\/247stiri.ro\/index.php\/2025\/04\/15\/ion-cristoiu-georgescu-icoana-fortelor-care-lupta-cu-globalismul\/"},"modified":"2025-04-15T06:44:50","modified_gmt":"2025-04-15T06:44:50","slug":"ion-cristoiu-georgescu-icoana-fortelor-care-lupta-cu-globalismul","status":"publish","type":"post","link":"https:\/\/247stiri.ro\/index.php\/2025\/04\/15\/ion-cristoiu-georgescu-icoana-fortelor-care-lupta-cu-globalismul\/","title":{"rendered":"Ion Cristoiu: \u201eGeorgescu, icoana for\u021belor care lupt\u0103 cu globalismul!\u201d"},"content":{"rendered":"<p>Cristoiu: \u201ePacea l-a scos pe Georgescu din curs\u0103!\u201d<\/p>\n<p>\u201ePutem spune despre C\u0103lin Georgescu c\u0103 este un fel de icoan\u0103, ca s\u0103 zic a\u0219a.\u00a0El r\u0103m\u00e2ne ca un standard moral politic pe care rom\u00e2nii vor raporta automat pe to\u021bi candida\u021bii de acum.<\/p>\n<p>De ce a fost cu pacea&#8230; p\u0103i a fost cauza pentru care a fost scos din curs\u0103 \u0219i la primul tur \u0219i acum pentru ca pleda pentru pace \u00eentr-un occident care vrea r\u0103zboi.<\/p>\n<p>Pacea nu convine celor care au interes s\u0103 men\u021bin\u0103 isteria r\u0103zboiului.<\/p>\n<p>Ei au reu\u0219it cu o lovitur\u0103 murdar\u0103 dat\u0103 sufletului unei na\u021bii.\u201d, a zis<a href=\"https:\/\/www.realitatea.net\/stiri\/politica\/ion-cristoiu-sistemul-imi-va-inchide-si-celalalt-cont-de-tiktok_67fa841954328065b554d6d9\" target=\"_blank\"> jurnalistul Ion Cristoiu.<\/a><\/p>\n<p>\u201e &#8211; Ce v-ar face s\u0103 v\u0103 duce\u021bi la vot?\u00a0 &#8211; Nimic, numai dac\u0103 vine C\u0103lin Georgescu&#8230; nu m\u0103 duc s\u0103 votez o list\u0103 f\u0103cut\u0103 de ei dac\u0103 de pe lista sunt sco\u0219i 2 candida\u021bi \u00eenseamn\u0103 c\u0103 ei au f\u0103cut lista.\u201d\u00a0<\/p>","protected":false},"excerpt":{"rendered":"<p>Cristoiu: \u201ePacea l-a scos pe Georgescu din curs\u0103!\u201d \u201ePutem spune despre C\u0103lin Georgescu c\u0103 este&hellip;<\/p>\n","protected":false},"author":0,"featured_media":47280,"comment_status":"open","ping_status":"open","sticky":false,"template":"","format":"standard","meta":{"footnotes":""},"categories":[3],"tags":[],"class_list":["post-47279","post","type-post","status-publish","format-standard","has-post-thumbnail","hentry","category-politica"],"_links":{"self":[{"href":"https:\/\/247stiri.ro\/index.php\/wp-json\/wp\/v2\/posts\/47279","targetHints":{"allow":["GET"]}}],"collection":[{"href":"https:\/\/247stiri.ro\/index.php\/wp-json\/wp\/v2\/posts"}],"about":[{"href":"https:\/\/247stiri.ro\/index.php\/wp-json\/wp\/v2\/types\/post"}],"replies":[{"embeddable":true,"href":"https:\/\/247stiri.ro\/index.php\/wp-json\/wp\/v2\/comments?post=47279"}],"version-history":[{"count":0,"href":"https:\/\/247stiri.ro\/index.php\/wp-json\/wp\/v2\/posts\/47279\/revisions"}],"wp:featuredmedia":[{"embeddable":true,"href":"https:\/\/247stiri.ro\/index.php\/wp-json\/wp\/v2\/media\/47280"}],"wp:attachment":[{"href":"https:\/\/247stiri.ro\/index.php\/wp-json\/wp\/v2\/media?parent=47279"}],"wp:term":[{"taxonomy":"category","embeddable":true,"href":"https:\/\/247stiri.ro\/index.php\/wp-json\/wp\/v2\/categories?post=47279"},{"taxonomy":"post_tag","embeddable":true,"href":"https:\/\/247stiri.ro\/index.php\/wp-json\/wp\/v2\/tags?post=47279"}],"curies":[{"name":"wp","href":"https:\/\/api.w.org\/{rel}","templated":true}]}}