{"id":47310,"date":"2025-04-15T08:44:52","date_gmt":"2025-04-15T08:44:52","guid":{"rendered":"https:\/\/247stiri.ro\/index.php\/2025\/04\/15\/george-simion-georgescu-ar-putea-fi-propunerea-pentru-prim-ministru-facem-parte-din-acelasi-curent\/"},"modified":"2025-04-15T08:44:52","modified_gmt":"2025-04-15T08:44:52","slug":"george-simion-georgescu-ar-putea-fi-propunerea-pentru-prim-ministru-facem-parte-din-acelasi-curent","status":"publish","type":"post","link":"https:\/\/247stiri.ro\/index.php\/2025\/04\/15\/george-simion-georgescu-ar-putea-fi-propunerea-pentru-prim-ministru-facem-parte-din-acelasi-curent\/","title":{"rendered":"George Simion: \u201eGeorgescu ar putea fi propunerea pentru prim-ministru. Facem parte din acela\u0219i curent!\u201d"},"content":{"rendered":"<p>\u00a0\u00centrebat ce variante de premier ar avea dac\u0103 ar ajunge pe scaunul de la Cotroceni,<a href=\"https:\/\/www.realitatea.net\/stiri\/politica\/george-simion-dezvaluie-cine-e-in-spatele-anularii-alegerilor-macron-raspandeste-minciuni-despre-romania_67fe06b135dcbb41706c40a2\" target=\"_blank\"> liderul suverani\u0219tilor<\/a> a spus c\u0103 nu l-ar exclude pe Georgescu<a href=\"https:\/\/www.realitatea.net\/stiri\/actual\/george-simion-delegatia-americana-nu-e-trimisa-de-trump-nu-este-o-intalnire-esentiala-pentru-viitorul-romaniei_67fd11f2478a5705072e6302\" target=\"_blank\"> pentru aceast\u0103 func\u021bie<\/a>, dac\u0103 asta i\u0219i va dori.\u00a0<\/p>\n<p>George Simion vrea s\u0103-l pun\u0103 pe C\u0103lin Georgescu premier<\/p>\n<p>\u201e &#8211; Dac\u0103 dumneavoastr\u0103 ajunge\u021bi pre\u0219edinte, ave\u021bi \u00een cap o pozi\u021bie pentru C\u0103lin Georgescu?\u00a0 &#8211; Nu am identificat una anume.\u00a0 &#8211; Ar putea s\u0103 fie propunerea dumneavoastr\u0103 pentru prim ministru?\u00a0 &#8211; Sigur c\u0103 da.\u00a0 &#8211; V\u0103 g\u00e2ndi\u021bi serios la asta?\u00a0 &#8211; E printre variante.\u00a0 &#8211; Alte 2 variante de premier?\u00a0 &#8211; Nici una. Este una dintre variante C\u0103lin Georgescu, alte variante nu sunt. \u00cel sus\u021bin pe C\u0103lin Georgescu mai ales c\u0103 face parte din acela\u0219i curent ideologic ca \u0219i mine.\u201d<\/p>\n<p>MATERIAL PUBLICITAR POLITICPartidul Alian\u021ba pentru Unirea Rom\u00e2nilor, Email: info@partidulaur.ro, Adres\u0103: com. Tunari, sat Tunari, str. Geneva, nr. 20, parter, ap. 1, jud. IlfovCMF: 31250007, CPP A0B0C1D1E1<\/p>","protected":false},"excerpt":{"rendered":"<p>\u00a0\u00centrebat ce variante de premier ar avea dac\u0103 ar ajunge pe scaunul de la Cotroceni,&hellip;<\/p>\n","protected":false},"author":0,"featured_media":47311,"comment_status":"open","ping_status":"open","sticky":false,"template":"","format":"standard","meta":{"footnotes":""},"categories":[3],"tags":[],"class_list":["post-47310","post","type-post","status-publish","format-standard","has-post-thumbnail","hentry","category-politica"],"_links":{"self":[{"href":"https:\/\/247stiri.ro\/index.php\/wp-json\/wp\/v2\/posts\/47310","targetHints":{"allow":["GET"]}}],"collection":[{"href":"https:\/\/247stiri.ro\/index.php\/wp-json\/wp\/v2\/posts"}],"about":[{"href":"https:\/\/247stiri.ro\/index.php\/wp-json\/wp\/v2\/types\/post"}],"replies":[{"embeddable":true,"href":"https:\/\/247stiri.ro\/index.php\/wp-json\/wp\/v2\/comments?post=47310"}],"version-history":[{"count":0,"href":"https:\/\/247stiri.ro\/index.php\/wp-json\/wp\/v2\/posts\/47310\/revisions"}],"wp:featuredmedia":[{"embeddable":true,"href":"https:\/\/247stiri.ro\/index.php\/wp-json\/wp\/v2\/media\/47311"}],"wp:attachment":[{"href":"https:\/\/247stiri.ro\/index.php\/wp-json\/wp\/v2\/media?parent=47310"}],"wp:term":[{"taxonomy":"category","embeddable":true,"href":"https:\/\/247stiri.ro\/index.php\/wp-json\/wp\/v2\/categories?post=47310"},{"taxonomy":"post_tag","embeddable":true,"href":"https:\/\/247stiri.ro\/index.php\/wp-json\/wp\/v2\/tags?post=47310"}],"curies":[{"name":"wp","href":"https:\/\/api.w.org\/{rel}","templated":true}]}}