{"id":47314,"date":"2025-04-15T08:44:53","date_gmt":"2025-04-15T08:44:53","guid":{"rendered":"https:\/\/247stiri.ro\/index.php\/2025\/04\/15\/cine-sunt-oligarhii-din-spatele-lui-nicusor-dan-de-ce-se-blocheaza-independentul-rezistilor-cand-este-intrebat-despre-sursele-de-finantare\/"},"modified":"2025-04-15T08:44:53","modified_gmt":"2025-04-15T08:44:53","slug":"cine-sunt-oligarhii-din-spatele-lui-nicusor-dan-de-ce-se-blocheaza-independentul-rezistilor-cand-este-intrebat-despre-sursele-de-finantare","status":"publish","type":"post","link":"https:\/\/247stiri.ro\/index.php\/2025\/04\/15\/cine-sunt-oligarhii-din-spatele-lui-nicusor-dan-de-ce-se-blocheaza-independentul-rezistilor-cand-este-intrebat-despre-sursele-de-finantare\/","title":{"rendered":"Cine sunt oligarhii din spatele lui Nicu\u0219or Dan, de ce se blocheaz\u0103 &#8222;independentul&#8221; rezi\u0219tilor c\u00e2nd este \u00eentrebat despre sursele de finan\u021bare?"},"content":{"rendered":"<p>De\u0219i i s-au cerut de mai multe ori l\u0103muriri \u00een leg\u0103tur\u0103 cu oamenii de afaceri care-i finan\u021beaz\u0103 campania preziden\u021bial\u0103, Nicu\u0219or Dan spune c\u0103 nu poate face acest lucru pe motiv c\u0103 n-ar avea acordul pentru a le dezv\u0103lui identitatea. \u00cen schimb, edilul general a dat asigur\u0103ri c\u0103 este vorba despre oameni cu afaceri legale.<\/p>\n<p>Curiozitatea jurnali\u0219tilor a fost st\u00e2rnit\u0103 de faptul c\u0103 este vorba despre sume foarte mari deja vehiculate \u00een campania candidatului independent sprijinit de USR. De exemplu, un singur contribuabil anonim la campania lui Nicu\u0219or Dan a pl\u0103tit 800.000 de euro, potrivit Realitatea Plus.<\/p>\n<p>\u00centre timp, edilul anun\u021b\u0103 c\u0103 e sus\u021binut \u0219i de o parte din liberali, iar potrivit unor surse, mai mul\u021bi simpatizan\u021bi ai PNL ar fi f\u0103cut \u00eemprumuturi pentru a-i finan\u021ba campania.<\/p>","protected":false},"excerpt":{"rendered":"<p>De\u0219i i s-au cerut de mai multe ori l\u0103muriri \u00een leg\u0103tur\u0103 cu oamenii de afaceri&hellip;<\/p>\n","protected":false},"author":0,"featured_media":47315,"comment_status":"open","ping_status":"open","sticky":false,"template":"","format":"standard","meta":{"footnotes":""},"categories":[3],"tags":[],"class_list":["post-47314","post","type-post","status-publish","format-standard","has-post-thumbnail","hentry","category-politica"],"_links":{"self":[{"href":"https:\/\/247stiri.ro\/index.php\/wp-json\/wp\/v2\/posts\/47314","targetHints":{"allow":["GET"]}}],"collection":[{"href":"https:\/\/247stiri.ro\/index.php\/wp-json\/wp\/v2\/posts"}],"about":[{"href":"https:\/\/247stiri.ro\/index.php\/wp-json\/wp\/v2\/types\/post"}],"replies":[{"embeddable":true,"href":"https:\/\/247stiri.ro\/index.php\/wp-json\/wp\/v2\/comments?post=47314"}],"version-history":[{"count":0,"href":"https:\/\/247stiri.ro\/index.php\/wp-json\/wp\/v2\/posts\/47314\/revisions"}],"wp:featuredmedia":[{"embeddable":true,"href":"https:\/\/247stiri.ro\/index.php\/wp-json\/wp\/v2\/media\/47315"}],"wp:attachment":[{"href":"https:\/\/247stiri.ro\/index.php\/wp-json\/wp\/v2\/media?parent=47314"}],"wp:term":[{"taxonomy":"category","embeddable":true,"href":"https:\/\/247stiri.ro\/index.php\/wp-json\/wp\/v2\/categories?post=47314"},{"taxonomy":"post_tag","embeddable":true,"href":"https:\/\/247stiri.ro\/index.php\/wp-json\/wp\/v2\/tags?post=47314"}],"curies":[{"name":"wp","href":"https:\/\/api.w.org\/{rel}","templated":true}]}}