{"id":47316,"date":"2025-04-15T08:44:54","date_gmt":"2025-04-15T08:44:54","guid":{"rendered":"https:\/\/247stiri.ro\/index.php\/2025\/04\/15\/elena-lasconi-isi-impune-omul-cheie-in-biroul-electoral-central-tot-eu-sunt-presedintele-usr\/"},"modified":"2025-04-15T08:44:54","modified_gmt":"2025-04-15T08:44:54","slug":"elena-lasconi-isi-impune-omul-cheie-in-biroul-electoral-central-tot-eu-sunt-presedintele-usr","status":"publish","type":"post","link":"https:\/\/247stiri.ro\/index.php\/2025\/04\/15\/elena-lasconi-isi-impune-omul-cheie-in-biroul-electoral-central-tot-eu-sunt-presedintele-usr\/","title":{"rendered":"Elena Lasconi \u00ee\u0219i impune omul-cheie \u00een Biroul Electoral Central: \u201eTot eu sunt pre\u0219edintele USR\u201d"},"content":{"rendered":"<p>\u00cen plus, Lasconi a venit \u0219i cu o reac\u021bie dup\u0103 ce puci\u0219tii din USR au \u00eencercat s\u0103 o \u00eenlocuiasc\u0103 pe Lasconi de la \u0219efia partidului cu Dominic Fritz.<\/p>\n<p><a href=\"https:\/\/www.realitatea.net\/stiri\/actual\/usr-anunta-prima-miscare-dupa-ce-bec-lea-interzis-sa-il-ajute-pe-nicusor-dan-in-campanie-formatiunea-politica-nu-accepta-decizia_67fbb84acf615e092616b099\" target=\"_blank\">\u00a0Candidata la preziden\u021biale<\/a> spune c\u0103 a fost victima unui act de sabotaj si c\u0103 nici nu este posibil din punct de vedere legal ca \u0219eful partidului s\u0103 fie schimbat.\u00a0<\/p>\n<p>Elena Lasconi: \u201eA fost o \u00eencercare de a m\u0103 sabota!\u201d<\/p>\n<p>\u201eSunt doua fake news-uri care se rostogolesc. Tot eu, Elena, sunt pre\u0219edintele Uniunii Salva\u021bi Rom\u00e2nia&#8230; a fost o \u0219edin\u021ba \u00een aceast\u0103 diminea\u021b\u0103 la care nu am participat, dar nu s-a schimbat pre\u0219edintele partidului. Nici nu era posibil.<\/p>\n<p>A fost o \u00eencercare de a m\u0103 sabota, de a opri campania.<\/p>\n<p>Nu s-a schimbat pre\u0219edintele USR.\u201d, a zis <a href=\"https:\/\/www.realitatea.net\/stiri\/politica\/mutaresoc-la-usr-dominic-frizt-pus-interimar-pentru-a-o-anihila-pe-lasconi-surse-rezistii-se-sfasie-intre-ei-din-cauza-lui-nicusor_67fcccff0cde644c1046baf8\" target=\"_blank\">Elena Lasconi.<\/a><\/p>","protected":false},"excerpt":{"rendered":"<p>\u00cen plus, Lasconi a venit \u0219i cu o reac\u021bie dup\u0103 ce puci\u0219tii din USR au&hellip;<\/p>\n","protected":false},"author":0,"featured_media":47317,"comment_status":"open","ping_status":"open","sticky":false,"template":"","format":"standard","meta":{"footnotes":""},"categories":[3],"tags":[],"class_list":["post-47316","post","type-post","status-publish","format-standard","has-post-thumbnail","hentry","category-politica"],"_links":{"self":[{"href":"https:\/\/247stiri.ro\/index.php\/wp-json\/wp\/v2\/posts\/47316","targetHints":{"allow":["GET"]}}],"collection":[{"href":"https:\/\/247stiri.ro\/index.php\/wp-json\/wp\/v2\/posts"}],"about":[{"href":"https:\/\/247stiri.ro\/index.php\/wp-json\/wp\/v2\/types\/post"}],"replies":[{"embeddable":true,"href":"https:\/\/247stiri.ro\/index.php\/wp-json\/wp\/v2\/comments?post=47316"}],"version-history":[{"count":0,"href":"https:\/\/247stiri.ro\/index.php\/wp-json\/wp\/v2\/posts\/47316\/revisions"}],"wp:featuredmedia":[{"embeddable":true,"href":"https:\/\/247stiri.ro\/index.php\/wp-json\/wp\/v2\/media\/47317"}],"wp:attachment":[{"href":"https:\/\/247stiri.ro\/index.php\/wp-json\/wp\/v2\/media?parent=47316"}],"wp:term":[{"taxonomy":"category","embeddable":true,"href":"https:\/\/247stiri.ro\/index.php\/wp-json\/wp\/v2\/categories?post=47316"},{"taxonomy":"post_tag","embeddable":true,"href":"https:\/\/247stiri.ro\/index.php\/wp-json\/wp\/v2\/tags?post=47316"}],"curies":[{"name":"wp","href":"https:\/\/api.w.org\/{rel}","templated":true}]}}