{"id":47327,"date":"2025-04-15T09:45:57","date_gmt":"2025-04-15T09:45:57","guid":{"rendered":"https:\/\/247stiri.ro\/index.php\/2025\/04\/15\/george-simion-victor-ponta-a-vrut-o-alianta-cu-aur-se-tinea-dupa-mine-era-disperat\/"},"modified":"2025-04-15T09:45:57","modified_gmt":"2025-04-15T09:45:57","slug":"george-simion-victor-ponta-a-vrut-o-alianta-cu-aur-se-tinea-dupa-mine-era-disperat","status":"publish","type":"post","link":"https:\/\/247stiri.ro\/index.php\/2025\/04\/15\/george-simion-victor-ponta-a-vrut-o-alianta-cu-aur-se-tinea-dupa-mine-era-disperat\/","title":{"rendered":"George Simion: \u201eVictor Ponta a vrut o alian\u021b\u0103 cu AUR. Se \u021binea dup\u0103 mine, era disperat!\u201d"},"content":{"rendered":"<p>\u00a0Mai mult dec\u00e2t at\u00e2t, suveranistul vopsit al sistemului expirat \u00ee\u0219i f\u0103cea apari\u021bia \u00een toate locurile unde era \u0219i <a href=\"https:\/\/www.realitatea.net\/stiri\/politica\/george-simion-bolojan-penibil-in-relatia-cu-donald-trump-presedintele-american-ia-inchis-usa-in-nas-omului-lui-bolojan_67fe198269583b671100d8a4\" target=\"_blank\">pre\u0219edintele AUR<\/a> \u0219i chiar chema paparazzi s\u0103 \u00eei fotografieze \u00eempreun\u0103.<\/p>\n<p>Simion: \u201ePonta chema paparazzi s\u0103 ne fotografieze \u00eempreun\u0103!\u201d<\/p>\n<p>\u201ePonta p\u0103rea ca e antisistem&#8230;unde p\u0103rea? Declara\u021bii p\u00e2n\u0103 la inunda\u021bii&#8230;consilier Ciolacu&#8230;nu mai avem ra\u021biune.<\/p>\n<p>\u00a0Am avut o rela\u021bie de dialog cu Victor Ponta, dup\u0103 cum am avut o rela\u021bie de dialog cu to\u021bi oamenii din spa\u021biu public, ce \u00eei face deosebit\u0103 aceast\u0103 rela\u021bie pe care am avut-o cu Victor Ponta, este c\u0103 el ne-a avut o calitate oficial\u0103, m-am v\u0103zut, nu acas\u0103 la el, exclus, m-am v\u0103zut la restaurantul lui Marius Tuc\u0103, la Poezia, la Aviatorilor \u0219i domnul Ponta a chemat o echip\u0103 de paparazzi ca s\u0103 pozeze \u00een momentul \u00een care ie\u0219eam la prima sau a doua \u00eent\u00e2lnire.<\/p>\n<p>\u00a0Am avut trei \u00eent\u00e2lniri cu totul. El \u00ee\u0219i dorea o alian\u021b\u0103 pro-Rom\u00e2nia cu AUR. Eu am refuzat acest lucru \u0219i at\u00e2ta tot. Nu m\u0103 leag\u0103 nimic de domnul Ponta, care se pretinde a fi fratele meu mai mare.\u201d, a zis liderul AUR, <a href=\"https:\/\/www.realitatea.net\/stiri\/politica\/george-simion-georgescu-ar-putea-fi-propunerea-pentru-primministru-facem-parte-din-acelasi-curent_67fe123df9adb6379a203ef2\" target=\"_blank\">George Simion.<\/a><\/p>\n<p>\u00a0\u201e &#8211; N-a\u021bi vrea o dezbatere cu Victor Ponta?\u00a0\u00a0 \u00a0&#8211; S\u0103&#8230; Ce?\u00a0 \u00a0&#8211; S\u0103 vorbi\u021bi despre Rom\u00e2nia.\u00a0\u00a0 \u00a0&#8211; O s\u0103 particip.\u00a0\u00a0 \u00a0&#8211; Dar voi avea o atitudine critic\u0103, suveran\u0103, demn\u0103 \u0219i nu voi intra \u00een acest b\u00e2lci. Alegerile au avut loc odat\u0103. S-au \u00eent\u00e2mplat \u00een noiembrie-decembrie anul trecut. N-a fost at\u00e2t de mult. Rom\u00e2nia l-a ales pe domnul C\u0103lin Georgescu. Acum parc\u0103 tr\u0103im \u00een ziua c\u00e2rti\u021bei. Se repet la infinit. N-am de ce s\u0103 girez pe ace\u0219ti contracandida\u021bi sau s\u0103 \u00eencep s\u0103 le r\u0103spund, s\u0103 intru cu ei \u00een controverse. A\u0219 fi la fel ca ei. \u0218i am \u00eenv\u0103\u021bat s\u0103 nu mai fac aceste gre\u0219eli. \u201d\u00a0<\/p>\n<p>\u00a0<\/p>","protected":false},"excerpt":{"rendered":"<p>\u00a0Mai mult dec\u00e2t at\u00e2t, suveranistul vopsit al sistemului expirat \u00ee\u0219i f\u0103cea apari\u021bia \u00een toate locurile&hellip;<\/p>\n","protected":false},"author":0,"featured_media":47328,"comment_status":"open","ping_status":"open","sticky":false,"template":"","format":"standard","meta":{"footnotes":""},"categories":[3],"tags":[],"class_list":["post-47327","post","type-post","status-publish","format-standard","has-post-thumbnail","hentry","category-politica"],"_links":{"self":[{"href":"https:\/\/247stiri.ro\/index.php\/wp-json\/wp\/v2\/posts\/47327","targetHints":{"allow":["GET"]}}],"collection":[{"href":"https:\/\/247stiri.ro\/index.php\/wp-json\/wp\/v2\/posts"}],"about":[{"href":"https:\/\/247stiri.ro\/index.php\/wp-json\/wp\/v2\/types\/post"}],"replies":[{"embeddable":true,"href":"https:\/\/247stiri.ro\/index.php\/wp-json\/wp\/v2\/comments?post=47327"}],"version-history":[{"count":0,"href":"https:\/\/247stiri.ro\/index.php\/wp-json\/wp\/v2\/posts\/47327\/revisions"}],"wp:featuredmedia":[{"embeddable":true,"href":"https:\/\/247stiri.ro\/index.php\/wp-json\/wp\/v2\/media\/47328"}],"wp:attachment":[{"href":"https:\/\/247stiri.ro\/index.php\/wp-json\/wp\/v2\/media?parent=47327"}],"wp:term":[{"taxonomy":"category","embeddable":true,"href":"https:\/\/247stiri.ro\/index.php\/wp-json\/wp\/v2\/categories?post=47327"},{"taxonomy":"post_tag","embeddable":true,"href":"https:\/\/247stiri.ro\/index.php\/wp-json\/wp\/v2\/tags?post=47327"}],"curies":[{"name":"wp","href":"https:\/\/api.w.org\/{rel}","templated":true}]}}