{"id":47332,"date":"2025-04-15T09:46:00","date_gmt":"2025-04-15T09:46:00","guid":{"rendered":"https:\/\/247stiri.ro\/index.php\/2025\/04\/15\/noi-detalii-in-cazul-tezaurului-furat-de-la-cotofenesti-justitia-olandeza-da-asigurari-ca-legendarul-coif-va-fi-recuperat\/"},"modified":"2025-04-15T09:46:00","modified_gmt":"2025-04-15T09:46:00","slug":"noi-detalii-in-cazul-tezaurului-furat-de-la-cotofenesti-justitia-olandeza-da-asigurari-ca-legendarul-coif-va-fi-recuperat","status":"publish","type":"post","link":"https:\/\/247stiri.ro\/index.php\/2025\/04\/15\/noi-detalii-in-cazul-tezaurului-furat-de-la-cotofenesti-justitia-olandeza-da-asigurari-ca-legendarul-coif-va-fi-recuperat\/","title":{"rendered":"Noi detalii \u00een cazul tezaurului furat de la Co\u021bofene\u0219ti: justi\u021bia olandez\u0103 d\u0103 asigur\u0103ri c\u0103 legendarul coif va fi recuperat"},"content":{"rendered":"<p>\u0218eful Parchetului olandez: \u201eNe a\u0219tept\u0103m s\u0103 \u00eel g\u0103sim\u201d<\/p>\n<p>Diederik Greive, procuror-\u0219ef al Parchetului din nordul \u021a\u0103rilor de Jos, a declarat \u00eentr-o emisiune radio local\u0103 c\u0103 sunt suficiente piste pentru a continua investiga\u021biile cu speran\u021ba c\u0103 <a href=\"https:\/\/www.realitatea.net\/stiri\/actual\/furtul-tezaurului-dacic-aparatele-de-fum-din-muzeul-drents-nu-au-functionat-corespunzator-al-doilea-coif-de-aur-din-assen-in-atentia-hotilor_67e2a1867e7a21619f5b980e\" target=\"_blank\">piesele de tezaur furate<\/a> vor fi recuperate, arat\u0103 news.ro.<\/p>\n<p>\u201eNe a\u0219tept\u0103m s\u0103 \u00eel g\u0103sim\u201d, a spus Greive, referindu-se direct la Coiful de la Co\u021bofene\u0219ti \u2013 una dintre cele mai valoroase \u0219i importante comori arheologice ale Rom\u00e2niei, care se afla temporar \u00een Olanda pentru o expozi\u021bie. Procurorul a subliniat c\u0103 ancheta este \u00een plin\u0103 desf\u0103\u0219urare, iar suspec\u021bii sunt \u00eenc\u0103 \u00een arest \u0219i coopereaz\u0103 par\u021bial cu autorit\u0103\u021bile.<\/p>\n<p>O echip\u0103 special\u0103, zeci de anchetatori \u0219i o curs\u0103 contra cronometru<\/p>\n<p>O echip\u0103 special\u0103 format\u0103 din zeci de exper\u021bi olandezi lucreaz\u0103 f\u0103r\u0103 \u00eencetare pentru localizarea pieselor furate: Coiful de la Co\u021bofene\u0219ti \u0219i trei br\u0103\u021b\u0103ri de aur. Acestea au fost sustrase \u00een urma unui jaf violent care a avut loc \u00een noaptea de 24 spre 25 ianuarie la Muzeul Drents din Assen.<\/p>\n<p>Atacatorii au folosit explozibili pentru a sparge o u\u0219\u0103 \u0219i, \u00een doar c\u00e2teva minute, au reu\u0219it s\u0103 fure obiecte cu o valoare estimat\u0103 la 5,8 milioane de euro.<\/p>\n<p>Fostul politician Alexander Pechtold, membru al Consiliului de Supraveghere al Muzeului Drents, a declarat c\u0103 institu\u021bia continu\u0103 s\u0103 primeasc\u0103 informa\u021bii \u0219i c\u0103 sper\u0103 \u00eentr-un deznod\u0103m\u00e2nt favorabil.<\/p>\n<p>\u201eSper\u0103m sincer ca br\u0103\u021b\u0103rile \u0219i Coiful s\u0103 se \u00eentoarc\u0103 acas\u0103\u201d, a afirmat Pechtold \u00eentr-un interviu acordat televiziunii na\u021bionale olandeze.<\/p>\n<p>Cine sunt suspec\u021bii \u0219i ce pa\u0219i urmeaz\u0103?<\/p>\n<p>La scurt timp dup\u0103 jaf, trei suspec\u021bi au fost aresta\u021bi \u00een ora\u0219ul Heerhugowaard, iar ulterior a fost identificat\u0103 \u0219i o a patra persoan\u0103. Trei dintre ace\u0219tia se afl\u0103 \u00een continuare \u00een arest preventiv. O femeie, de\u0219i eliberat\u0103, r\u0103m\u00e2ne sub anchet\u0103. O a cincea persoan\u0103, considerat\u0103 cheie \u00een anchet\u0103, este \u00eenc\u0103 \u00een libertate.<\/p>\n<p>Parchetul a luat decizia rar\u0103 de a publica identit\u0103\u021bile \u0219i fotografiile a doi dintre suspec\u021bi. \u201eA fost o m\u0103sur\u0103 excep\u021bional\u0103, dar legal\u0103. Aveam nevoie de informa\u021bii rapide din partea popula\u021biei, iar rezultatul a justificat riscul\u201d, a explicat procurorul Greive.<\/p>\n<p>Simbol na\u021bional, valoare inestimabil\u0103<\/p>\n<p><a href=\"https:\/\/www.realitatea.net\/stiri\/actual\/ipotezasoc-coiful-dacic-de-la-cotofenesti-furat-de-la-muzeul-din-olanda-ar-fi-deteriorat_67e28719000d2e589c028862\" target=\"_blank\">Coiful de la Co\u021bofene\u0219ti<\/a> este o pies\u0103 de patrimoniu na\u021bional, dat\u00e2nd din secolul al V-lea \u00ee.Hr., considerat\u0103 una dintre cele mai importante descoperiri arheologice din Europa de Est. Furtul s\u0103u a provocat indignare \u0219i \u00eengrijorare \u00een Rom\u00e2nia, dar \u0219i \u00een mediul academic interna\u021bional.<\/p>\n<p>\u00cen ciuda gravit\u0103\u021bii incidentului, tonul autorit\u0103\u021bilor olandeze este unul optimist. \u00cen timp ce ancheta avanseaz\u0103, rom\u00e2nii sper\u0103 c\u0103 o parte din comoara istoric\u0103 va fi \u00een cur\u00e2nd recuperat\u0103 \u0219i c\u0103 unul dintre cele mai valoroase simboluri ale identit\u0103\u021bii na\u021bionale va fi adus \u00eenapoi \u00een siguran\u021b\u0103.<\/p>","protected":false},"excerpt":{"rendered":"<p>\u0218eful Parchetului olandez: \u201eNe a\u0219tept\u0103m s\u0103 \u00eel g\u0103sim\u201d Diederik Greive, procuror-\u0219ef al Parchetului din nordul&hellip;<\/p>\n","protected":false},"author":0,"featured_media":47333,"comment_status":"open","ping_status":"open","sticky":false,"template":"","format":"standard","meta":{"footnotes":""},"categories":[2],"tags":[],"class_list":["post-47332","post","type-post","status-publish","format-standard","has-post-thumbnail","hentry","category-actual"],"_links":{"self":[{"href":"https:\/\/247stiri.ro\/index.php\/wp-json\/wp\/v2\/posts\/47332","targetHints":{"allow":["GET"]}}],"collection":[{"href":"https:\/\/247stiri.ro\/index.php\/wp-json\/wp\/v2\/posts"}],"about":[{"href":"https:\/\/247stiri.ro\/index.php\/wp-json\/wp\/v2\/types\/post"}],"replies":[{"embeddable":true,"href":"https:\/\/247stiri.ro\/index.php\/wp-json\/wp\/v2\/comments?post=47332"}],"version-history":[{"count":0,"href":"https:\/\/247stiri.ro\/index.php\/wp-json\/wp\/v2\/posts\/47332\/revisions"}],"wp:featuredmedia":[{"embeddable":true,"href":"https:\/\/247stiri.ro\/index.php\/wp-json\/wp\/v2\/media\/47333"}],"wp:attachment":[{"href":"https:\/\/247stiri.ro\/index.php\/wp-json\/wp\/v2\/media?parent=47332"}],"wp:term":[{"taxonomy":"category","embeddable":true,"href":"https:\/\/247stiri.ro\/index.php\/wp-json\/wp\/v2\/categories?post=47332"},{"taxonomy":"post_tag","embeddable":true,"href":"https:\/\/247stiri.ro\/index.php\/wp-json\/wp\/v2\/tags?post=47332"}],"curies":[{"name":"wp","href":"https:\/\/api.w.org\/{rel}","templated":true}]}}