{"id":47336,"date":"2025-04-15T10:46:21","date_gmt":"2025-04-15T10:46:21","guid":{"rendered":"https:\/\/247stiri.ro\/index.php\/2025\/04\/15\/mirabela-dauer-confesiuni-emotionante-despre-trecutul-dureros-artista-a-fost-batuta-crunt-m-a-mutilat-a-facut-un-scandal-ingrozitor\/"},"modified":"2025-04-15T10:46:21","modified_gmt":"2025-04-15T10:46:21","slug":"mirabela-dauer-confesiuni-emotionante-despre-trecutul-dureros-artista-a-fost-batuta-crunt-m-a-mutilat-a-facut-un-scandal-ingrozitor","status":"publish","type":"post","link":"https:\/\/247stiri.ro\/index.php\/2025\/04\/15\/mirabela-dauer-confesiuni-emotionante-despre-trecutul-dureros-artista-a-fost-batuta-crunt-m-a-mutilat-a-facut-un-scandal-ingrozitor\/","title":{"rendered":"Mirabela Dauer, confesiuni emo\u021bionante despre trecutul dureros. Artista a fost b\u0103tut\u0103 crunt: \u201eM-a mutilat. A f\u0103cut un scandal \u00eengrozitor\u201d"},"content":{"rendered":"<p>\u00centr-un dialog sincer \u00een podcastul lui Damian Dr\u0103ghici, <a href=\"https:\/\/www.realitatea.net\/stiri\/monden\/drama-tacuta-a-mirabelei-dauer-nu-are-nicio-legatura-cu-fiul-ei-si-nu-sia-cunoscut-niciodata-nepoata_67fa823a54328065b554d6d2\" target=\"_blank\">artista a povestit<\/a> despre violen\u021ba domestic\u0103, tr\u0103darea justi\u021biei \u0219i efortul de a-\u0219i reconstrui via\u021ba din temelii.<\/p>\n<p>O c\u0103snicie marcat\u0103 de teroare \u0219i suferin\u021b\u0103<\/p>\n<p>Dup\u0103 un prim mariaj lini\u0219tit \u0219i lipsit de conflicte, \u00eencheiat amiabil, via\u021ba personal\u0103 a Mirabelei Dauer a luat o turnur\u0103 dramatic\u0103 odat\u0103 cu \u00eenceputul rela\u021biei cu Popovici. Artista a descris o c\u0103snicie \u00een care abuzul fizic \u0219i psihologic au fost constante, culmin\u00e2nd cu un incident violent care a trimis-o direct \u00een spital.<\/p>\n<p>\u201eA intrat \u00een camer\u0103 prin balcon, beat, \u0219i m-a lovit cu fierul de c\u0103lcat. A fost momentul \u00een care am decis c\u0103 nu mai pot continua\u201d, a rememorat ea. Incidentul s-a petrecut \u00een 1980, pe litoral, \u00een timpul unui turneu artistic. Dup\u0103 10 zile de spitalizare \u0219i o suferin\u021b\u0103 crunt\u0103, artista a decis s\u0103 pun\u0103 cap\u0103t rela\u021biei.<\/p>\n<p>Un divor\u021b care i-a adus \u0219i mai mult\u0103 durere<\/p>\n<p>Desp\u0103r\u021birea nu a \u00eensemnat \u00eens\u0103 \u0219i sf\u00e2r\u0219itul calvarului. \u00cen procesul de divor\u021b, spune artista, fostul so\u021b a reu\u0219it s\u0103 ob\u021bin\u0103 custodia copilului, sprijinit de influen\u021be \u0219i conexiuni din lumea juridic\u0103 \u0219i artistic\u0103 a vremii.\u00a0<\/p>\n<p>De\u0219i devastat\u0103 emo\u021bional, Mirabela Dauer nu s-a l\u0103sat dobor\u00e2t\u0103. A primit sprijin de la dou\u0103 figuri influente ale vremii: Nicu Ceau\u0219escu \u0219i Viorel P\u0103unescu, cel din urm\u0103 devenind \u0219i na\u0219ul fiului s\u0103u. Cei doi au ajutat-o s\u0103 \u00ee\u0219i reconstruiasc\u0103 via\u021ba, oferindu-i stabilitate \u0219i un loc de munc\u0103 \u00een ansamblul artistic.<\/p>\n<p>\u201eEram fardat\u0103 natural! Cei care m-au ajutat foarte mult, m-au ajutat extraordinar de mult \u0219i m-au ap\u0103rat au fost Nicu Ceau\u0219escu \u0219i Viorel P\u0103unescu. Nicu Ceau\u0219escu, c\u00e2nd m-am desp\u0103r\u021bit de Popovici, mi-a dat un apartament, m-am angajat la ansamblu. Viorel P\u0103unescu a fost na\u0219ul fiului meu, tat\u0103l s\u0103u nu a recunoscut. \u0218i acum \u00eel iubesc pe na\u0219ul! Tot timpul a avut grija mea. La bar la el, eram fardat\u0103 perfect. M-a b\u0103gat \u00een spital, \u00een Spitalul de Urgen\u021b\u0103 la Constan\u021ba, \u0219i mi-a furat copilul. L-a ajutat o mare actri\u021b\u0103 a noastr\u0103, b\u0103rbatul ei era \u0219eful Baroului de avoca\u021bi \u0219i cu cine s\u0103 \u021bin\u0103\u2026 Cu o necunoscut\u0103, Mirabela Dauer? Nu. A \u021binut cu el, care era regizor acolo \u00een televiziune \u0219i mi-a luat copilul.<\/p>\n<p>Nu am avut o via\u021b\u0103 frumoas\u0103, dar nu vreau s\u0103 vorbesc. Trebuia s\u0103-l v\u0103d, dar cine m-a l\u0103sat? Dup\u0103 ce s-a \u00eensurat, tr\u0103ia de mult cu ea, cu una din televiziune, de care a considerat c\u0103 ea e mama \u0219i bine\u00een\u021beles c\u0103 l-a \u00eentors pe cel mic!\u201d, a povestit <a href=\"https:\/\/www.realitatea.net\/stiri\/actual\/motivul-pentru-care-mirabela-dauer-cumpara-haine-compulsiv-marturisiri-emotionante-ale-artistei_67011ef9cea4ee502b0a0196\" target=\"_blank\">Mirabela Dauer<\/a> \u00een podcastul lui Damian Dr\u0103ghici<\/p>\n<p>Muzica \u2013 singura alinare \u00een mijlocul haosului<\/p>\n<p>\u00cen ciuda traumei \u0219i a pierderilor, Mirabela Dauer a g\u0103sit puterea de a merge mai departe. Cariera artistic\u0103 a r\u0103mas ancora sa \u00een realitate \u0219i refugiu \u00een fa\u021ba durerii. \u201eNu am avut o via\u021b\u0103 u\u0219oar\u0103, dar am continuat. Muzica mi-a salvat sufletul\u201d, spune artista.<\/p>\n<p>Povestea Mirabelei Dauer este un ecou dureros al realit\u0103\u021bii cu care se confrunt\u0103 multe femei aflate \u00een rela\u021bii abuzive.<\/p>","protected":false},"excerpt":{"rendered":"<p>\u00centr-un dialog sincer \u00een podcastul lui Damian Dr\u0103ghici, artista a povestit despre violen\u021ba domestic\u0103, tr\u0103darea&hellip;<\/p>\n","protected":false},"author":0,"featured_media":47337,"comment_status":"open","ping_status":"open","sticky":false,"template":"","format":"standard","meta":{"footnotes":""},"categories":[8],"tags":[],"class_list":["post-47336","post","type-post","status-publish","format-standard","has-post-thumbnail","hentry","category-lifestyle"],"_links":{"self":[{"href":"https:\/\/247stiri.ro\/index.php\/wp-json\/wp\/v2\/posts\/47336","targetHints":{"allow":["GET"]}}],"collection":[{"href":"https:\/\/247stiri.ro\/index.php\/wp-json\/wp\/v2\/posts"}],"about":[{"href":"https:\/\/247stiri.ro\/index.php\/wp-json\/wp\/v2\/types\/post"}],"replies":[{"embeddable":true,"href":"https:\/\/247stiri.ro\/index.php\/wp-json\/wp\/v2\/comments?post=47336"}],"version-history":[{"count":0,"href":"https:\/\/247stiri.ro\/index.php\/wp-json\/wp\/v2\/posts\/47336\/revisions"}],"wp:featuredmedia":[{"embeddable":true,"href":"https:\/\/247stiri.ro\/index.php\/wp-json\/wp\/v2\/media\/47337"}],"wp:attachment":[{"href":"https:\/\/247stiri.ro\/index.php\/wp-json\/wp\/v2\/media?parent=47336"}],"wp:term":[{"taxonomy":"category","embeddable":true,"href":"https:\/\/247stiri.ro\/index.php\/wp-json\/wp\/v2\/categories?post=47336"},{"taxonomy":"post_tag","embeddable":true,"href":"https:\/\/247stiri.ro\/index.php\/wp-json\/wp\/v2\/tags?post=47336"}],"curies":[{"name":"wp","href":"https:\/\/api.w.org\/{rel}","templated":true}]}}