{"id":47340,"date":"2025-04-15T10:46:24","date_gmt":"2025-04-15T10:46:24","guid":{"rendered":"https:\/\/247stiri.ro\/index.php\/2025\/04\/15\/liviu-dragnea-ponta-este-cel-mai-periculos-candidat-din-campanie-vrea-control-total-vrea-sa-se-razbune\/"},"modified":"2025-04-15T10:46:24","modified_gmt":"2025-04-15T10:46:24","slug":"liviu-dragnea-ponta-este-cel-mai-periculos-candidat-din-campanie-vrea-control-total-vrea-sa-se-razbune","status":"publish","type":"post","link":"https:\/\/247stiri.ro\/index.php\/2025\/04\/15\/liviu-dragnea-ponta-este-cel-mai-periculos-candidat-din-campanie-vrea-control-total-vrea-sa-se-razbune\/","title":{"rendered":"Liviu Dragnea: \u201ePonta este cel mai periculos candidat din campanie! Vrea control total, vrea s\u0103 se r\u0103zbune!\u201d"},"content":{"rendered":"<p>Acesta este de p\u0103rere c\u0103 dac\u0103 <a href=\"https:\/\/www.realitatea.net\/stiri\/politica\/liviu-dragnea-il-detoneaza-pe-ponta-sufera-de-mitomanie-sia-luat-cetatenia-sarba-iar-daca-iesea-prost-cu-dosarele-voia-sa-mearga-in-serbia_67f81f3b8a9eab4b9a385e52\" target=\"_blank\">tr\u0103d\u0103torul de \u021bar\u0103 Ponta<\/a> va ajunge s\u0103 ocupe scaunul de la Cotroceni, \u00ee\u0219i va control total pentru c\u0103 are dorin\u021b\u0103 de r\u0103zbunare.\u00a0<\/p>\n<p>Liviu Dragnea, atac la Victor Ponta: \u201eSpune numai minciuni!\u201d<\/p>\n<p>\u201eDeci, dac\u0103 o s\u0103 fac\u0103 tot ce a f\u0103cut ca prim-ministru, dup\u0103 p\u0103rerea mea, Ponta este cel mai periculos candidat la preziden\u021biale din aceast\u0103 campanie.<\/p>\n<p>Ponta pre\u0219edinte \u00eenseamn\u0103 restaura\u021bie, \u00eenseamn\u0103 restaura\u021bie la un control total pe care \u0219i l-a dorit tot timpul pe care el \u0219i l-a dorit absolut tot timpul are \u0219i foarte mult\u0103 dorin\u021b\u0103 de r\u0103zbunare pe anumi\u021bi indivizi&#8230; \u00een diverse, care ocupau atunci diverse posturi \u0219i care l-au blocat sau care l-au deranjat sau care l-au&#8230; nu \u0219tiu nu \u00a0l-au l\u0103sat s\u0103 fac\u0103 unele prostii pe care voia s\u0103 le fac\u0103.<\/p>\n<p>El s\u0103racul spune, adic\u0103, el minte \u00een general, dar printre minciuni el \u0219i spune chiar ce vrea s\u0103 fac\u0103&#8230; ce se \u00eent\u00e2mpl\u0103&#8230; da, corect \u0219i ce spunea \u00a0c\u00e2nd a \u00eentrebat cineva bine \u0219i cum o s\u0103 faci toate astea ca pre\u0219edinte? `M\u0103 duc la guvern stau acolo trei zile, \u00eei dau cap \u00een cap pe mini\u0219trii \u0219i pe primul ministru \u0219i o s\u0103 fac\u0103 cum le zic eu.`\u201d, <a href=\"https:\/\/www.realitatea.net\/stiri\/actual\/liviu-dragnea-il-face-praf-pe-victor-ponta-un-fricos-care-minte-si-nusi-tine-cuvantul_67ea635283d0db565b461828\" target=\"_blank\">a zis Liviu Dragnea.<\/a><\/p>\n\n<p>\u00a0<\/p>","protected":false},"excerpt":{"rendered":"<p>Acesta este de p\u0103rere c\u0103 dac\u0103 tr\u0103d\u0103torul de \u021bar\u0103 Ponta va ajunge s\u0103 ocupe scaunul&hellip;<\/p>\n","protected":false},"author":0,"featured_media":47341,"comment_status":"open","ping_status":"open","sticky":false,"template":"","format":"standard","meta":{"footnotes":""},"categories":[3],"tags":[],"class_list":["post-47340","post","type-post","status-publish","format-standard","has-post-thumbnail","hentry","category-politica"],"_links":{"self":[{"href":"https:\/\/247stiri.ro\/index.php\/wp-json\/wp\/v2\/posts\/47340","targetHints":{"allow":["GET"]}}],"collection":[{"href":"https:\/\/247stiri.ro\/index.php\/wp-json\/wp\/v2\/posts"}],"about":[{"href":"https:\/\/247stiri.ro\/index.php\/wp-json\/wp\/v2\/types\/post"}],"replies":[{"embeddable":true,"href":"https:\/\/247stiri.ro\/index.php\/wp-json\/wp\/v2\/comments?post=47340"}],"version-history":[{"count":0,"href":"https:\/\/247stiri.ro\/index.php\/wp-json\/wp\/v2\/posts\/47340\/revisions"}],"wp:featuredmedia":[{"embeddable":true,"href":"https:\/\/247stiri.ro\/index.php\/wp-json\/wp\/v2\/media\/47341"}],"wp:attachment":[{"href":"https:\/\/247stiri.ro\/index.php\/wp-json\/wp\/v2\/media?parent=47340"}],"wp:term":[{"taxonomy":"category","embeddable":true,"href":"https:\/\/247stiri.ro\/index.php\/wp-json\/wp\/v2\/categories?post=47340"},{"taxonomy":"post_tag","embeddable":true,"href":"https:\/\/247stiri.ro\/index.php\/wp-json\/wp\/v2\/tags?post=47340"}],"curies":[{"name":"wp","href":"https:\/\/api.w.org\/{rel}","templated":true}]}}