{"id":47403,"date":"2025-04-15T14:45:01","date_gmt":"2025-04-15T14:45:01","guid":{"rendered":"https:\/\/247stiri.ro\/index.php\/2025\/04\/15\/andrew-tate-nu-scapa-de-judecata-il-asteapta-un-proces-in-marea-britanie-in-2027-pentru-abuz-si-control-coercitiv\/"},"modified":"2025-04-15T14:45:01","modified_gmt":"2025-04-15T14:45:01","slug":"andrew-tate-nu-scapa-de-judecata-il-asteapta-un-proces-in-marea-britanie-in-2027-pentru-abuz-si-control-coercitiv","status":"publish","type":"post","link":"https:\/\/247stiri.ro\/index.php\/2025\/04\/15\/andrew-tate-nu-scapa-de-judecata-il-asteapta-un-proces-in-marea-britanie-in-2027-pentru-abuz-si-control-coercitiv\/","title":{"rendered":"Andrew Tate nu scap\u0103 de judecat\u0103. \u00cel a\u0219teapt\u0103 un proces \u00een Marea Britanie, \u00een 2027, pentru abuz \u015fi control coercitiv"},"content":{"rendered":"<p>Procesul a avut mar\u0163i prima audiere preliminar\u0103 la \u00cenalta Curte, \u00eenaintea unui proces care va \u00eencepe cel mai probabil la \u00eenceputul anului 2027.<\/p>\n<p>Avocata lui Tate, Vanessa Marshall, a declarat c\u0103 acesta nu a participat la audierea preliminar\u0103 de mar\u0163i \u015fi nici nu era obligat s\u0103 o fac\u0103. Ea inten\u0163ioneaz\u0103 s\u0103 prezinte dovezi \u00een ap\u0103rarea sa la proces.<\/p>\n<p>Cele patru reclamante, c\u0103rora li s-a acordat anonimatul, sus\u0163in c\u0103 Tate le-a supus la violen\u0163\u0103 fizic\u0103 sau sexual\u0103 \u00eentre 2013 \u015fi 2015. Dou\u0103 dintre acestea spun c\u0103 au avut o rela\u0163ie intim\u0103 cu Tate, \u00een timp ce dou\u0103 au lucrat pentru afacerea webcam a lui Tate.<\/p>\n<p>Avoca\u0163ii femeilor afirm\u0103 \u00een documentele depuse \u00een instan\u0163\u0103 c\u0103 una dintre reclamante a fost amenin\u0163at\u0103 cu o arm\u0103 \u00een timp ce Tate \u00eei spunea \u201evei face ce spun eu sau vei pl\u0103ti la greu\u201d, \u00een timp ce o alta sus\u0163ine c\u0103 Tate a strangulat-o p\u00e2n\u0103 c\u00e2nd a fost incon\u015ftient\u0103 \u00een timpul actului sexual.<\/p>\n<p>Tate, \u00een v\u00e2rst\u0103 de 38 de ani, neag\u0103 acuza\u0163iile, avoca\u0163ii s\u0103i afirm\u00e2nd \u00een m\u0103rturia sa scris\u0103 de ap\u0103rare c\u0103 afirma\u0163iile sunt false \u015fi c\u0103 toat\u0103 activitatea sexual\u0103 a fost consensual\u0103.<\/p>\n<p>Avocata reclamantelor, Anne Studd, a declarat c\u0103 \u201eeste prima dat\u0103 c\u00e2nd (controlul coercitiv) este adus \u00een fa\u0163a \u00cenaltei Cur\u0163i \u00eentr-un context civil\u201d, pentru a decide dac\u0103 acesta reprezint\u0103 o cauzare inten\u0163ionat\u0103 de prejudicii, \u00een conformitate cu legisla\u0163ia englez\u0103.<\/p>","protected":false},"excerpt":{"rendered":"<p>Procesul a avut mar\u0163i prima audiere preliminar\u0103 la \u00cenalta Curte, \u00eenaintea unui proces care va&hellip;<\/p>\n","protected":false},"author":0,"featured_media":47393,"comment_status":"open","ping_status":"open","sticky":false,"template":"","format":"standard","meta":{"footnotes":""},"categories":[2],"tags":[],"class_list":["post-47403","post","type-post","status-publish","format-standard","has-post-thumbnail","hentry","category-actual"],"_links":{"self":[{"href":"https:\/\/247stiri.ro\/index.php\/wp-json\/wp\/v2\/posts\/47403","targetHints":{"allow":["GET"]}}],"collection":[{"href":"https:\/\/247stiri.ro\/index.php\/wp-json\/wp\/v2\/posts"}],"about":[{"href":"https:\/\/247stiri.ro\/index.php\/wp-json\/wp\/v2\/types\/post"}],"replies":[{"embeddable":true,"href":"https:\/\/247stiri.ro\/index.php\/wp-json\/wp\/v2\/comments?post=47403"}],"version-history":[{"count":0,"href":"https:\/\/247stiri.ro\/index.php\/wp-json\/wp\/v2\/posts\/47403\/revisions"}],"wp:featuredmedia":[{"embeddable":true,"href":"https:\/\/247stiri.ro\/index.php\/wp-json\/wp\/v2\/media\/47393"}],"wp:attachment":[{"href":"https:\/\/247stiri.ro\/index.php\/wp-json\/wp\/v2\/media?parent=47403"}],"wp:term":[{"taxonomy":"category","embeddable":true,"href":"https:\/\/247stiri.ro\/index.php\/wp-json\/wp\/v2\/categories?post=47403"},{"taxonomy":"post_tag","embeddable":true,"href":"https:\/\/247stiri.ro\/index.php\/wp-json\/wp\/v2\/tags?post=47403"}],"curies":[{"name":"wp","href":"https:\/\/api.w.org\/{rel}","templated":true}]}}