{"id":4741,"date":"2024-11-05T15:46:21","date_gmt":"2024-11-05T15:46:21","guid":{"rendered":"https:\/\/247stiri.ro\/index.php\/2024\/11\/05\/reporterul-tv-adriana-stere-a-paralizat-dupa-ce-a-mancat-branza-contaminata-luata-de-la-producatorii-locali\/"},"modified":"2024-11-05T15:46:21","modified_gmt":"2024-11-05T15:46:21","slug":"reporterul-tv-adriana-stere-a-paralizat-dupa-ce-a-mancat-branza-contaminata-luata-de-la-producatorii-locali","status":"publish","type":"post","link":"https:\/\/247stiri.ro\/index.php\/2024\/11\/05\/reporterul-tv-adriana-stere-a-paralizat-dupa-ce-a-mancat-branza-contaminata-luata-de-la-producatorii-locali\/","title":{"rendered":"Reporterul TV Adriana Stere a paralizat dup\u0103 ce a m\u00e2ncat br\u00e2nz\u0103 contaminat\u0103 luat\u0103 de la produc\u0103torii locali"},"content":{"rendered":"<p>Dup\u0103 o zi de munc\u0103, reporterul \u0219tirilor ProTV a cump\u0103rat br\u00e2nz\u0103 de la un produc\u0103tor local, pe care a \u0219i consumat-o. Dup\u0103 circa \u0219ase zile, au ap\u0103rut primele simptome: o stare acut\u0103 de oboseal\u0103 \u0219i febr\u0103 foarte mare, simptome care s-au agravat \u00een timp.<\/p>\n<p>Jurnalista a crezut, ini\u021bial, c\u0103 oboseala era rezultatul muncii intense \u0219i c\u0103 dup\u0103 dou\u0103 zile de odihn\u0103 se va repune pe picioare. Starea sa s-a deteriorat treptat, febra a crescut la peste 40 de grade, iar frisoanele au devenit constante. Ulterior, a sunat la ambulan\u021b\u0103, iar medicii au suspectat o infec\u021bie streprococic\u0103, dar tratamentul prescris nu a fost eficient, scrie <a href=\"https:\/\/www.tabu.ro\/\" target=\"_blank\" rel=\"noopener\">Tabu.ro<\/a>.<\/p>\n<p>\u201eSe \u00eent\u00e2mpl\u0103 s\u0103 ajungi \u00eentr-o situa\u021bie \u00een care nu te a\u0219teptai. Am luat br\u00e2nz\u0103 de la un magazin artizanal. Dup\u0103 vreo 6 zile, c\u00e2t a fost perioada de incuba\u021bie, au ap\u0103rut primele simptome, adic\u0103 oboseal\u0103 teribil\u0103, crunt\u0103. Dup\u0103 \u00eenc\u0103 o zi de luni de munc\u0103, m-am pr\u0103bu\u0219it. Aveam dou\u0103 zile libere \u0219i am crezut c\u0103 am nevoie de odihn\u0103. \u00cemi era greu s\u0103 m\u0103 ridic din scaun \u0219i s\u0103 m\u0103 mi\u0219c, s\u0103 func\u021bionez. Am f\u0103cut-o p\u00e2n\u0103 \u00een momentul \u00een care organismul a clacat. Au urmat zile de febr\u0103 foarte mare, peste 40, \u0219i de frisoane.<\/p>\n<p>Dup\u0103 3 zile de frisoane a \u00eenceput s\u0103 mi se descuameze pielea de pe piept \u0219i de pe burt\u0103. Asta nu am mai p\u0103\u021bit-o niciodat\u0103, nu v\u0103 doresc. Am chemat ambulan\u021ba, iar medicul a spus c\u0103 am probabil o pneumonie dat\u0103 de un streptococ \u00een g\u00e2t. Asta la o consulta\u021bie. Am urmat indica\u021biile, era vorba despre un antibiotic \u0219i s-a dovedit c\u0103 nu era cel potrivit pentru situa\u021bia mea. Am stat acas\u0103, colegii mi-au spus s\u0103 m\u0103 menajez, c\u0103 trebuie s\u0103 m\u0103 refac.<\/p>\n<p><a title=\"Ionut Dolanescu a fost dat in judecata de Horia-Roman Patapievici. Renovarea facuta de artist in casa mostenita de la tatal sau l-a lasat pe scriitor in bezna\" href=\"https:\/\/www.realitatea.net\/stiri\/actual\/ionut-dolanescu-a-fost-dat-in-judecata-de-horiaroman-patapievici-renovarea-facuta-de-artist-in-casa-mostenita-de-la-tatal-sau-la-lasat-pe-scriitor-in-bezna_672a32b3948643004476c6e4\">Ionu\u021b Dol\u0103nescu a fost dat \u00een judecat\u0103 de Horia-Roman Patapievici. Renovarea f\u0103cut\u0103 de artist \u00een casa mo\u0219tenit\u0103 de la tat\u0103l s\u0103u l-a l\u0103sat pe scriitor \u00een bezn\u0103<\/a><\/p>\n<p>Am stat o s\u0103pt\u0103m\u00e2n\u0103 \u0219i ceva acas\u0103. Nu p\u0103rea c\u0103 sunt tocmai cum trebuie \u0219i spre sf\u00e2r\u0219itul perioadei au ap\u0103rut problemele de glezne la ambele picioare. M-am \u00eentors la serviciu. Am zis c\u0103 se duc\u201d,\u00a0a m\u0103rturisit Adriana Stere, \u00een cadrul emisiunii \u201eLa M\u0103ru\u021b\u0103\u201d.<\/p>\n<p>Durerile jurnalistei nu au \u00eencetat. Dup\u0103 o alt\u0103 zi de munc\u0103, Adriana Stere a mers din nou la spital, unde a fost supus\u0103 mai multor investiga\u021bii. A mai stat c\u00e2teva zile acas\u0103, dar problemele nu \u00eencetau, iar gleznele o dureau din ce \u00een ce mai tare.<\/p>\n<p>\u00cen cele din urm\u0103, jurnalista s-a trezit \u0219i a relizat c\u0103 nu mai poate s\u0103 mearg\u0103. So\u021bul ei a dus-o la spital, iar acolo a \u00eenceput o investiga\u021bie detaliat\u0103 care a scos la iveal\u0103 cauza real\u0103: \u00a0infec\u021bia cu Coxiella burnetii, o bacterie rar\u0103, asociat\u0103 de obicei cu produsele lactate contaminate.<\/p>\n<p>\u201eDup\u0103 c\u00e2teva zile m-am trezit \u0219i nu am mai putut s\u0103 merg. M-a luat so\u021bul \u00een bra\u021be, m-a dus la spital, apoi am mers \u00een c\u0103rucior cu rotile. Medicii au fost siguri c\u0103 toate simptomele mele au fost din cauza br\u00e2nzei. Analizele din s\u00e2nge, culturile din s\u00e2nge care au adus rezultate foarte clare au determinat aceast\u0103 bacterie atipic\u0103. Sunt doar dou\u0103 c\u0103i de transmitere: direct prin contact cu dejec\u021bii de animale de ferm\u0103, cum ar fi vaci, oi, capre \u0219i consum de br\u00e2nzeturi contaminate cu Coxiella burneti. Cazul meu a fost al doilea\u201d,\u00a0a mai spus Adriana Stere.<\/p>\n<p><a href=\"https:\/\/www.realitatea.net\/stiri\/actual\/ionut-dolanescu-a-fost-dat-in-judecata-de-horiaroman-patapievici-renovarea-facuta-de-artist-in-casa-mostenita-de-la-tatal-sau-la-lasat-pe-scriitor-in-bezna_672a32b3948643004476c6e4#goog_rewarded\" target=\"_blank\" rel=\"noopener\">Ionu\u021b Dol\u0103nescu a fost dat \u00een judecat\u0103 de Horia-Roman Patapievici. Renovarea f\u0103cut\u0103 de artist \u00een casa mo\u0219tenit\u0103 de la tat\u0103l s\u0103u l-a l\u0103sat pe scriitor \u00een bezn\u0103<\/a><\/p>","protected":false},"excerpt":{"rendered":"<p>Dup\u0103 o zi de munc\u0103, reporterul \u0219tirilor ProTV a cump\u0103rat br\u00e2nz\u0103 de la un produc\u0103tor&hellip;<\/p>\n","protected":false},"author":0,"featured_media":4742,"comment_status":"open","ping_status":"open","sticky":false,"template":"","format":"standard","meta":{"footnotes":""},"categories":[2],"tags":[],"class_list":["post-4741","post","type-post","status-publish","format-standard","has-post-thumbnail","hentry","category-actual"],"_links":{"self":[{"href":"https:\/\/247stiri.ro\/index.php\/wp-json\/wp\/v2\/posts\/4741","targetHints":{"allow":["GET"]}}],"collection":[{"href":"https:\/\/247stiri.ro\/index.php\/wp-json\/wp\/v2\/posts"}],"about":[{"href":"https:\/\/247stiri.ro\/index.php\/wp-json\/wp\/v2\/types\/post"}],"replies":[{"embeddable":true,"href":"https:\/\/247stiri.ro\/index.php\/wp-json\/wp\/v2\/comments?post=4741"}],"version-history":[{"count":0,"href":"https:\/\/247stiri.ro\/index.php\/wp-json\/wp\/v2\/posts\/4741\/revisions"}],"wp:featuredmedia":[{"embeddable":true,"href":"https:\/\/247stiri.ro\/index.php\/wp-json\/wp\/v2\/media\/4742"}],"wp:attachment":[{"href":"https:\/\/247stiri.ro\/index.php\/wp-json\/wp\/v2\/media?parent=4741"}],"wp:term":[{"taxonomy":"category","embeddable":true,"href":"https:\/\/247stiri.ro\/index.php\/wp-json\/wp\/v2\/categories?post=4741"},{"taxonomy":"post_tag","embeddable":true,"href":"https:\/\/247stiri.ro\/index.php\/wp-json\/wp\/v2\/tags?post=4741"}],"curies":[{"name":"wp","href":"https:\/\/api.w.org\/{rel}","templated":true}]}}