{"id":47413,"date":"2025-04-15T15:44:55","date_gmt":"2025-04-15T15:44:55","guid":{"rendered":"https:\/\/247stiri.ro\/index.php\/2025\/04\/15\/burduja-am-luat-masuri-pentru-fiecare-tip-de-producator-pentru-reducerea-productiei-de-energie-de-paste\/"},"modified":"2025-04-15T15:44:55","modified_gmt":"2025-04-15T15:44:55","slug":"burduja-am-luat-masuri-pentru-fiecare-tip-de-producator-pentru-reducerea-productiei-de-energie-de-paste","status":"publish","type":"post","link":"https:\/\/247stiri.ro\/index.php\/2025\/04\/15\/burduja-am-luat-masuri-pentru-fiecare-tip-de-producator-pentru-reducerea-productiei-de-energie-de-paste\/","title":{"rendered":"Burduja: Am luat m\u0103suri pentru fiecare tip de produc\u0103tor pentru reducerea produc\u021biei de energie, de Pa\u0219te"},"content":{"rendered":"<p>Astfel, la Hidroelectrica se vor opri hidroagregate, la Nuclearelectrica puterea ar putea sc\u0103dea cu p\u00e2n\u0103 la 40%, \u00een timp ce Elcen va opri unit\u0103\u021bile care produc energie electric\u0103. Totodat\u0103, prosumatorilor li se recomand\u0103 s\u0103-\u0219i opreasc\u0103 invertoarele, a transmis ministrul dup\u0103 \u0219edin\u021ba Comandamentului Energetic.\u201eDac\u0103 \u00een trecut, \u00een general, problemele au ap\u0103rut atunci c\u00e2nd nu puteam s\u0103 acoperim un consum mare la nivelul \u021b\u0103rii, de data aceasta vorbim despre o perioad\u0103 care \u00een mod tipic are un nivel de consum mic, o activitate economic\u0103 redus\u0103. Este Pa\u0219tele pentru toat\u0103 lumea \u0219i, mai mult, este \u0219i Pa\u0219tele Ortodox \u0219i cel Catolic. Deci nu doar \u00een Rom\u00e2nia, ci \u00een toat\u0103 regiunea, consumul va fi unul mic \u0219i atunci trebuie s\u0103 ne asigur\u0103m c\u0103 produc\u021bia va fi la un nivel adecvat, astfel \u00eenc\u00e2t s\u0103 nu existe probleme de adecvan\u021b\u0103 \u0219i nici de tensiune la nivelul sistemului\u201d, a spus ministrul dup\u0103 \u0219edin\u021ba Comandamentului Energetic.El a subliniat c\u0103 \u00een perioada Pa\u0219telui temperaturile vor fi normale pentru aceast\u0103 perioad\u0103 a anului \u0219i nebulozitatea, de asemenea, va fi \u00een limitele normalului, dar va fi produc\u021bie \u00een centralele fotovoltaice. \u00cen schimb, \u00een centralele eoliene produc\u021bia va fi redus\u0103.\u201ePerioada cea mai sensibil\u0103 va fi duminic\u0103, \u00een prima zi de Pa\u0219te, \u00eentre orele 11:00 \u0219i 16:00. Atunci estim\u0103m un consum care va putea fi \u00een jurul valorii de 2.500 megava\u021bi, \u00een scenariul de baz\u0103. Este un consum foarte redus. G\u00e2ndi\u021bi-v\u0103 c\u0103 \u00eentr-o zi normal\u0103 de duminic\u0103, o zi \u00een care oricum e un consum mai mic dec\u00e2t \u00een timpul s\u0103pt\u0103m\u00e2nii, discut\u0103m de valori de 5.000, poate 4.000 \u0219i ceva MW, deci discut\u0103m de un nivel de dou\u0103 ori mai mic\u201d, a explicat Burduja.<\/p>\n<p>\u201eDe asemenea, pentru cre\u0219terea consumului de data asta, am discutat \u0219i Hidroelectrica, de exemplu, va mar\u0219a pe pompele pe care le are la Lotru-Ciunget. Acolo e un sistem de pompaj \u0219i va asigura o cre\u0219tere de consum undeva la 50 de MW. Nu doar acolo, sunt trei locuri \u00een care au genul acesta de sistem. \u0218i miz\u0103m, de asemenea, pe baterii, pentru c\u0103 vedem c\u0103 de anul trecut &#8211; la \u00eenceputul anului aveam 8 MWh \u00een baterii &#8211; ast\u0103zi avem aproape de 400 MWh, deci aceste baterii se vor \u00eenc\u0103rca \u0219i ajut\u0103 la echilibrarea sistemului\u201d, a mai explicat Burduja.<\/p>\n<p>\u201e\u00cen energie nu exist\u0103 s\u0103rb\u0103tori. Nici pentru mine nu vor fi s\u0103rb\u0103tori. Le-am spus \u0219i colegilor \u00een comandament c\u0103, \u00een func\u021bie de evolu\u021bia situa\u021biei, ne putem vedea \u0219i \u00een Vinerea mare, \u0219i s\u00e2mb\u0103t\u0103, \u0219i duminic\u0103, \u0219i luni \u00een a doua zi de Pa\u0219te. Suntem pe baricade \u0219i vreau s\u0103-i asigur pe to\u021bi rom\u00e2nii c\u0103 gestion\u0103m toate aceste riscuri, aceast\u0103 situa\u021bie, \u0219i c\u0103 nu exist\u0103 niciun motiv \u00een acest moment de \u00eengrijorare sau de a face titluri de pres\u0103 de tipul &#8216;riscuri de blackout \u00een Rom\u00e2nia&#8217;. Numai de c\u00e2nd sunt eu ministru am tr\u0103it, cred, de zeci de ori situa\u021bii \u00een care s-au anun\u021bat situa\u021bii de blackout \u00een Rom\u00e2nia. N-am fost nici pe aproape \u0219i n-a fost cazul, pentru c\u0103 avem speciali\u0219ti buni, avem un sistem energetic care se poate adapta\u201d, a punctat Sebastian Burduja.<\/p>","protected":false},"excerpt":{"rendered":"<p>Astfel, la Hidroelectrica se vor opri hidroagregate, la Nuclearelectrica puterea ar putea sc\u0103dea cu p\u00e2n\u0103&hellip;<\/p>\n","protected":false},"author":0,"featured_media":47411,"comment_status":"open","ping_status":"open","sticky":false,"template":"","format":"standard","meta":{"footnotes":""},"categories":[2],"tags":[],"class_list":["post-47413","post","type-post","status-publish","format-standard","has-post-thumbnail","hentry","category-actual"],"_links":{"self":[{"href":"https:\/\/247stiri.ro\/index.php\/wp-json\/wp\/v2\/posts\/47413","targetHints":{"allow":["GET"]}}],"collection":[{"href":"https:\/\/247stiri.ro\/index.php\/wp-json\/wp\/v2\/posts"}],"about":[{"href":"https:\/\/247stiri.ro\/index.php\/wp-json\/wp\/v2\/types\/post"}],"replies":[{"embeddable":true,"href":"https:\/\/247stiri.ro\/index.php\/wp-json\/wp\/v2\/comments?post=47413"}],"version-history":[{"count":0,"href":"https:\/\/247stiri.ro\/index.php\/wp-json\/wp\/v2\/posts\/47413\/revisions"}],"wp:featuredmedia":[{"embeddable":true,"href":"https:\/\/247stiri.ro\/index.php\/wp-json\/wp\/v2\/media\/47411"}],"wp:attachment":[{"href":"https:\/\/247stiri.ro\/index.php\/wp-json\/wp\/v2\/media?parent=47413"}],"wp:term":[{"taxonomy":"category","embeddable":true,"href":"https:\/\/247stiri.ro\/index.php\/wp-json\/wp\/v2\/categories?post=47413"},{"taxonomy":"post_tag","embeddable":true,"href":"https:\/\/247stiri.ro\/index.php\/wp-json\/wp\/v2\/tags?post=47413"}],"curies":[{"name":"wp","href":"https:\/\/api.w.org\/{rel}","templated":true}]}}