{"id":47416,"date":"2025-04-15T15:44:56","date_gmt":"2025-04-15T15:44:56","guid":{"rendered":"https:\/\/247stiri.ro\/index.php\/2025\/04\/15\/moscova-si-belarus-sunt-gata-sa-loveasca-nato-ce-tari-ar-fi-vizate\/"},"modified":"2025-04-15T15:44:56","modified_gmt":"2025-04-15T15:44:56","slug":"moscova-si-belarus-sunt-gata-sa-loveasca-nato-ce-tari-ar-fi-vizate","status":"publish","type":"post","link":"https:\/\/247stiri.ro\/index.php\/2025\/04\/15\/moscova-si-belarus-sunt-gata-sa-loveasca-nato-ce-tari-ar-fi-vizate\/","title":{"rendered":"Moscova \u0219i Belarus sunt gata s\u0103 loveasc\u0103 NATO. Ce \u021b\u0103ri ar fi vizate"},"content":{"rendered":"<p>Serghei Nar\u00ee\u0219kin, directorul serviciului de spionaj al Rusiei, SVR, sus\u021bine c\u0103 serviciile de securitate din Rusia \u0219i din Belarus sunt preg\u0103tite s\u0103 ac\u021bioneze &#8222;proactiv&#8221; \u00eempotriva NATO.<\/p>\n<p>Potrivit agen\u021biei oficiale de pres\u0103 a Rusiei, TASS, directorul SVR a lansat aceast\u0103 amenin\u021bare la adresa NATO \u00eentr-o \u00eent\u00e2lnire cu jurnali\u0219tii, la data de 15 aprilie 2025.<\/p>\n<p>Rusia \u0219i Belarus constat\u0103 o activitate militar\u0103 crescut\u0103 a NATO \u00een apropierea grani\u021belor lor, iar \u021b\u0103rile europene &#8222;cresc, de asemenea, escaladarea \u00een jurul Ucrainei&#8221;, motiv pentru care &#8222;trebuie s\u0103 ac\u021bion\u0103m proactiv. Suntem preg\u0103ti\u021bi pentru asta&#8221;, a spus directorul SVR.<\/p>\n<p>\u201eInstigatorii precum Polonia \u0219i \u021a\u0103rile Baltice ar trebui s\u0103 realizeze c\u0103 ele vor fi primele \u021binte ale loviturilor de ripost\u0103 \u00een cazul agresiunii NATO \u00eempotriva Uniunii Statale Rusia \u0219i Belarus&#8221;, a amenin\u021bat Nar\u00ee\u0219kin.<\/p>\n<p>\u201eAr trebui s\u0103 fie con\u0219tien\u021bi (deocamdat\u0103 nu \u00ee\u0219i dau seama de acest lucru) c\u0103 \u00een cazul unei agresiuni din partea Alian\u021bei Nord-Atlantice \u00eempotriva Uniunii Statale, vor urma, desigur, represalii asupra \u00eentregului bloc NATO, dar \u00eentr-o m\u0103sur\u0103 mai mare primii care vor fi lovi\u021bi vor fi sus\u021bin\u0103torii unor astfel de idei \u00een cercurile politice ale Poloniei \u0219i \u021a\u0103rilor baltice\u201d, a spus directorul SVR.<\/p>\n<p>Acesta a sus\u021binut c\u0103 multe \u021b\u0103ri occidentale, inclusiv Polonia \u0219i republicile baltice, ar avea \u00een plan s\u0103 perturbe ceremoniile organizate de Rusia \u00een cinstea a 80 de ani de la Victoria \u00een cel de-al Doilea R\u0103zboi Mondial. \u201eSe ajunge la punctul \u00een care \u00eentr-una dintre \u021a\u0103rile Baltice inten\u021bioneaz\u0103 s\u0103 se distrug\u0103 mormintele militare ale acelor solda\u021bi \u0219i ofi\u021beri ai Armatei Ro\u0219ii care, de fapt, au eliberat aceste \u021b\u0103ri de fascism\u201d, a sus\u021binut \u0219eful spionajului rusesc.<\/p>\n<p>Pe de alt\u0103 parte \u00eens\u0103, se \u0219tie c\u0103 \u00een multe conflicte s-au organizat ac\u021biuni &#8222;sub steag fals&#8221;, \u00een care militarii unei \u021b\u0103ri au ac\u021bionat \u00eembr\u0103ca\u021bi \u00een uniformele armatei adverse. Este posibil ca, \u00een realitate, SVR s\u0103 aib\u0103 \u00een preg\u0103tire o asemenea opera\u021biune, iar Nar\u00ee\u0219kin a anun\u021bat deja c\u0103 Rusia va acuza ulterior una dintre \u021a\u0103rile Baltice.<\/p>","protected":false},"excerpt":{"rendered":"<p>Serghei Nar\u00ee\u0219kin, directorul serviciului de spionaj al Rusiei, SVR, sus\u021bine c\u0103 serviciile de securitate din&hellip;<\/p>\n","protected":false},"author":0,"featured_media":47407,"comment_status":"open","ping_status":"open","sticky":false,"template":"","format":"standard","meta":{"footnotes":""},"categories":[2],"tags":[],"class_list":["post-47416","post","type-post","status-publish","format-standard","has-post-thumbnail","hentry","category-actual"],"_links":{"self":[{"href":"https:\/\/247stiri.ro\/index.php\/wp-json\/wp\/v2\/posts\/47416","targetHints":{"allow":["GET"]}}],"collection":[{"href":"https:\/\/247stiri.ro\/index.php\/wp-json\/wp\/v2\/posts"}],"about":[{"href":"https:\/\/247stiri.ro\/index.php\/wp-json\/wp\/v2\/types\/post"}],"replies":[{"embeddable":true,"href":"https:\/\/247stiri.ro\/index.php\/wp-json\/wp\/v2\/comments?post=47416"}],"version-history":[{"count":0,"href":"https:\/\/247stiri.ro\/index.php\/wp-json\/wp\/v2\/posts\/47416\/revisions"}],"wp:featuredmedia":[{"embeddable":true,"href":"https:\/\/247stiri.ro\/index.php\/wp-json\/wp\/v2\/media\/47407"}],"wp:attachment":[{"href":"https:\/\/247stiri.ro\/index.php\/wp-json\/wp\/v2\/media?parent=47416"}],"wp:term":[{"taxonomy":"category","embeddable":true,"href":"https:\/\/247stiri.ro\/index.php\/wp-json\/wp\/v2\/categories?post=47416"},{"taxonomy":"post_tag","embeddable":true,"href":"https:\/\/247stiri.ro\/index.php\/wp-json\/wp\/v2\/tags?post=47416"}],"curies":[{"name":"wp","href":"https:\/\/api.w.org\/{rel}","templated":true}]}}