{"id":47427,"date":"2025-04-15T16:45:08","date_gmt":"2025-04-15T16:45:08","guid":{"rendered":"https:\/\/247stiri.ro\/index.php\/2025\/04\/15\/stegarul-dac-simbolul-luptei-suveranistilor-impotriva-sistemului-sorosist-a-blocat-intrarea-in-palatul-victoria-si-apoi-a-vrut-sa-intre-in-palatul-cotroceni\/"},"modified":"2025-04-15T16:45:08","modified_gmt":"2025-04-15T16:45:08","slug":"stegarul-dac-simbolul-luptei-suveranistilor-impotriva-sistemului-sorosist-a-blocat-intrarea-in-palatul-victoria-si-apoi-a-vrut-sa-intre-in-palatul-cotroceni","status":"publish","type":"post","link":"https:\/\/247stiri.ro\/index.php\/2025\/04\/15\/stegarul-dac-simbolul-luptei-suveranistilor-impotriva-sistemului-sorosist-a-blocat-intrarea-in-palatul-victoria-si-apoi-a-vrut-sa-intre-in-palatul-cotroceni\/","title":{"rendered":"Stegarul Dac,  simbolul luptei suverani\u0219tilor \u00eempotriva sistemului sorosist, a blocat intrarea \u00een Palatul Victoria \u0219i apoi a vrut s\u0103 intre \u00een Palatul Cotroceni"},"content":{"rendered":"<p>Incidentul a fost anun\u021bat de Jandarmeria Capitalei, printr-un comunicat de pres\u0103, \u00een dup\u0103-amiaza de 15 aprilie 2025.<\/p>\n<p>\u201eAst\u0103zi, 15 aprilie a.c., \u00een jurul orelor 12.00, a avut loc o adunare public\u0103 nedeclarat\u0103 pe trotuarul din fa\u021ba sediului Palatului Cotroceni.<\/p>\n<p>Pe timpul desf\u0103\u0219ur\u0103rii manifesta\u021biei, un b\u0103rbat a p\u0103r\u0103sit locul de desf\u0103\u0219urare, fugind pe partea carosabil\u0103, c\u0103tre intrare, cu inten\u021bia de a p\u0103trunde \u00een obiectiv.<\/p>\n<p>Acesta a fost oprit de for\u021bele de ordine, iar \u00een urma recomand\u0103rilor acestora, a revenit \u00een zona de desf\u0103\u0219urare a protestului. Men\u021bion\u0103m faptul c\u0103 pe timpul interven\u021biei nu s-au folosit for\u021ba sau mijloacele din dotare.<\/p>\n<p>\u00cen acest context, b\u0103rbatul, \u00een v\u00e2rst\u0103 de 58 de ani, cunoscut \u00een spa\u021biul public pentru comportamente similare, a fost sanc\u021bionat \u00een conformitate cu prevederile art 26, alin. 1, lit d) din Legea 60\/1991 privind organizarea \u0219i desf\u0103\u0219urarea adun\u0103rilor publice, cu amend\u0103 \u00een valoare de 1.000 de lei&#8221;, a precizat Jandarmeria Capitalei.<\/p>\n<p>Potrivit aceleia\u0219i surse, tot ast\u0103zi, &#8222;\u00een jurul orei 15.50, aceea\u0219i persoan\u0103, afl\u00e2ndu-se \u00een fa\u021ba sediului Guvernului, s-a a\u0219ezat pe trotuar, chiar \u00een fa\u021ba intr\u0103rii \u00een institu\u021bie, bloc\u00e2nd astfel accesul. For\u021bele de ordine i-au pus \u00een vedere s\u0103 se \u00eendep\u0103rteze de poarta de acces, \u00eentruc\u00e2t urma s\u0103 ajung\u0103 o delega\u021bie oficial\u0103. \u00cen scurt timp, acesta s-a conformat \u0219i s-a \u00eendep\u0103rtat de zona respectiv\u0103&#8221;.<\/p>","protected":false},"excerpt":{"rendered":"<p>Incidentul a fost anun\u021bat de Jandarmeria Capitalei, printr-un comunicat de pres\u0103, \u00een dup\u0103-amiaza de 15&hellip;<\/p>\n","protected":false},"author":0,"featured_media":47428,"comment_status":"open","ping_status":"open","sticky":false,"template":"","format":"standard","meta":{"footnotes":""},"categories":[2],"tags":[],"class_list":["post-47427","post","type-post","status-publish","format-standard","has-post-thumbnail","hentry","category-actual"],"_links":{"self":[{"href":"https:\/\/247stiri.ro\/index.php\/wp-json\/wp\/v2\/posts\/47427","targetHints":{"allow":["GET"]}}],"collection":[{"href":"https:\/\/247stiri.ro\/index.php\/wp-json\/wp\/v2\/posts"}],"about":[{"href":"https:\/\/247stiri.ro\/index.php\/wp-json\/wp\/v2\/types\/post"}],"replies":[{"embeddable":true,"href":"https:\/\/247stiri.ro\/index.php\/wp-json\/wp\/v2\/comments?post=47427"}],"version-history":[{"count":0,"href":"https:\/\/247stiri.ro\/index.php\/wp-json\/wp\/v2\/posts\/47427\/revisions"}],"wp:featuredmedia":[{"embeddable":true,"href":"https:\/\/247stiri.ro\/index.php\/wp-json\/wp\/v2\/media\/47428"}],"wp:attachment":[{"href":"https:\/\/247stiri.ro\/index.php\/wp-json\/wp\/v2\/media?parent=47427"}],"wp:term":[{"taxonomy":"category","embeddable":true,"href":"https:\/\/247stiri.ro\/index.php\/wp-json\/wp\/v2\/categories?post=47427"},{"taxonomy":"post_tag","embeddable":true,"href":"https:\/\/247stiri.ro\/index.php\/wp-json\/wp\/v2\/tags?post=47427"}],"curies":[{"name":"wp","href":"https:\/\/api.w.org\/{rel}","templated":true}]}}