{"id":47447,"date":"2025-04-15T17:45:00","date_gmt":"2025-04-15T17:45:00","guid":{"rendered":"https:\/\/247stiri.ro\/index.php\/2025\/04\/15\/volodimir-zelenski-a-cerut-prelungirea-legii-martiale-si-a-mobilizarii-generale-pana-in-august\/"},"modified":"2025-04-15T17:45:00","modified_gmt":"2025-04-15T17:45:00","slug":"volodimir-zelenski-a-cerut-prelungirea-legii-martiale-si-a-mobilizarii-generale-pana-in-august","status":"publish","type":"post","link":"https:\/\/247stiri.ro\/index.php\/2025\/04\/15\/volodimir-zelenski-a-cerut-prelungirea-legii-martiale-si-a-mobilizarii-generale-pana-in-august\/","title":{"rendered":"Volodimir Zelenski a cerut prelungirea legii mar\u0163iale \u015fi a mobiliz\u0103rii generale p\u00e2n\u0103 \u00een august"},"content":{"rendered":"<p>Proiectele de lege propun prelungirea duratei legii mar\u0163iale \u00een Ucraina \u015fi a mobiliz\u0103rii generale cu \u00eenc\u0103 90 de zile, adic\u0103 p\u00e2n\u0103 la 6 august. Acesta va fi cel de-al 15-lea vot \u00een Verhovna Rada pentru prelungirea legii mar\u0163iale \u015fi a mobiliz\u0103rii de la \u00eenceputul invaziei la scar\u0103 larg\u0103 a Rusiei.<\/p>\n<p>Ultima dat\u0103, parlamentul votase la 15 ianuarie \u00een favoarea proiectelor de lege pentru prelungirea legii mar\u0163iale \u015fi a mobiliz\u0103rii \u00een Ucraina p\u00e2n\u0103 la 9 mai 2025.<\/p>\n<p>Aceast\u0103 nou\u0103 prelungire de 90 de zile nu este o surpriz\u0103 \u00een sine. \u00cen ciuda \u00eenceperii discu\u0163iilor diplomatice, luptele continu\u0103 s\u0103 fac\u0103 ravagii \u00een Ucraina, Kievul afirm\u00e2nd chiar c\u0103 Moscova \u015fi-a lansat \u201eofensiva de prim\u0103var\u0103\u201d \u00een ultimele zile. Ritmul asalturilor ruse\u015fti este \u00een cre\u015ftere, cu c\u00e2\u015ftiguri teritoriale din ce \u00een ce mai mari, care de fapt \u00eencetiniser\u0103 \u00een ultimele trei luni de-a lungul \u00eentregii linii de front de o mie de kilometri.<\/p>\n<p>Ucrainenii se tem, de asemenea, de crearea a cincisprezece noi divizii ruse\u015fti care ar putea fi desf\u0103\u015furate pe c\u00e2mpul de opera\u0163iuni \u00eenc\u0103 de la sf\u00e2r\u015fitul anului 2025.<\/p>\n<p>Dar men\u0163inerea legii mar\u0163iale \u00eempiedic\u0103 din punct de vedere juridic organizarea de alegeri \u00een Ucraina, \u00een special alegeri parlamentare \u015fi preziden\u0163iale, dorite de pre\u015fedintele american Donald Trump, care a avut din nou cuvinte foarte dure la adresa lui Volodimir Zelenski.<\/p>","protected":false},"excerpt":{"rendered":"<p>Proiectele de lege propun prelungirea duratei legii mar\u0163iale \u00een Ucraina \u015fi a mobiliz\u0103rii generale cu&hellip;<\/p>\n","protected":false},"author":0,"featured_media":47438,"comment_status":"open","ping_status":"open","sticky":false,"template":"","format":"standard","meta":{"footnotes":""},"categories":[2],"tags":[],"class_list":["post-47447","post","type-post","status-publish","format-standard","has-post-thumbnail","hentry","category-actual"],"_links":{"self":[{"href":"https:\/\/247stiri.ro\/index.php\/wp-json\/wp\/v2\/posts\/47447","targetHints":{"allow":["GET"]}}],"collection":[{"href":"https:\/\/247stiri.ro\/index.php\/wp-json\/wp\/v2\/posts"}],"about":[{"href":"https:\/\/247stiri.ro\/index.php\/wp-json\/wp\/v2\/types\/post"}],"replies":[{"embeddable":true,"href":"https:\/\/247stiri.ro\/index.php\/wp-json\/wp\/v2\/comments?post=47447"}],"version-history":[{"count":0,"href":"https:\/\/247stiri.ro\/index.php\/wp-json\/wp\/v2\/posts\/47447\/revisions"}],"wp:featuredmedia":[{"embeddable":true,"href":"https:\/\/247stiri.ro\/index.php\/wp-json\/wp\/v2\/media\/47438"}],"wp:attachment":[{"href":"https:\/\/247stiri.ro\/index.php\/wp-json\/wp\/v2\/media?parent=47447"}],"wp:term":[{"taxonomy":"category","embeddable":true,"href":"https:\/\/247stiri.ro\/index.php\/wp-json\/wp\/v2\/categories?post=47447"},{"taxonomy":"post_tag","embeddable":true,"href":"https:\/\/247stiri.ro\/index.php\/wp-json\/wp\/v2\/tags?post=47447"}],"curies":[{"name":"wp","href":"https:\/\/api.w.org\/{rel}","templated":true}]}}