{"id":47448,"date":"2025-04-15T17:45:00","date_gmt":"2025-04-15T17:45:00","guid":{"rendered":"https:\/\/247stiri.ro\/index.php\/2025\/04\/15\/burduja-asigura-ca-romania-nu-se-va-confrunta-cu-pene-de-curent-de-paste-principalii-furnizori-ai-serviciilor-de-stocare-de-energie-sunt-pregatiti-sa-absorba-energie-in-exces-nu-avem-motive\/"},"modified":"2025-04-15T17:45:00","modified_gmt":"2025-04-15T17:45:00","slug":"burduja-asigura-ca-romania-nu-se-va-confrunta-cu-pene-de-curent-de-paste-principalii-furnizori-ai-serviciilor-de-stocare-de-energie-sunt-pregatiti-sa-absorba-energie-in-exces-nu-avem-motive","status":"publish","type":"post","link":"https:\/\/247stiri.ro\/index.php\/2025\/04\/15\/burduja-asigura-ca-romania-nu-se-va-confrunta-cu-pene-de-curent-de-paste-principalii-furnizori-ai-serviciilor-de-stocare-de-energie-sunt-pregatiti-sa-absorba-energie-in-exces-nu-avem-motive\/","title":{"rendered":"Burduja asigur\u0103 c\u0103 Rom\u00e2nia nu se va confrunta cu pene de curent de Pa\u0219te: \u201dPrincipalii furnizori ai serviciilor de stocare de energie sunt preg\u0103ti\u021bi s\u0103 absorb\u0103 energie \u00een exces. Nu avem motive de \u00eengrijorare\u201d"},"content":{"rendered":"<p>Ministrul Sebastian Burduja a explicat c\u0103 atunci c\u00e2nd consumul de energie electric\u0103 este foarte mic, a\u015fa cum se va \u00eent\u00e2mpla de s\u0103rb\u0103torile pascale, speciali\u015ftii trebuie s\u0103 ia m\u0103suri astfel \u00eenc\u00e2t s\u0103 se asigure c\u0103 produc\u0163ia nu este foarte mare, iar sistemul r\u0103m\u00e2ne \u00een echilibru.\u201eProblema aceasta nu o va avea doar Rom\u00e2nia, ci o vor avea \u015fi alte state din regiune, pentru c\u0103 se suprapune Pa\u015ftele Ortodox cu cel Catolic \u015fi atunci, dac\u0103 ai energie \u00een exces, un gol de sarcin\u0103 \u00een limbaj de specialitate, nu vom avea unde s\u0103 o export\u0103m \u00een regiune\u201d, a afirmat Burduja.<\/p>\n<p>Potrivit acestuia, perioada cea mai sensibil\u0103 va fi duminic\u0103, \u00een prima zi de Pa\u015fte, \u00eentre orele 11:00 \u015fi 16:00.<\/p>\n<p>\u201eAtunci estim\u0103m un consum care va putea fi \u00een jurul valorii de 2.500 MW, \u00een scenariul de baz\u0103. Este un consum foarte redus. G\u00e2ndi\u0163i-v\u0103 c\u0103 \u00eentr-o zi normal\u0103 de duminic\u0103, o zi \u00een care oricum e un consum mai mic dec\u00e2t \u00een timpul s\u0103pt\u0103m\u00e2nii, discut\u0103m de valori de 5.000, poate 4.000 \u015fi ceva MW, deci discut\u0103m de un nivel de dou\u0103 ori mai mic\u201d, a explicat Burduja.<\/p>\n<p>Potrivit ministrului, \u00een \u015fedin\u0163a Comandamentului Energetic de mar\u0163i, au fost luate m\u0103suri speciale, cum ar fi spre exemplu, ca Hidroelectrica s\u0103 opreasc\u0103 aproape toate hidroagregatele pe care le are a\u015fa \u00eenc\u00e2t s\u0103 ajung\u0103 la o produc\u0163ie hidro aproape de 0 MW.\u201eLa Complexul Energetic Oltenia vor merge doar dou\u0103 grupuri la un nivel minim de 80 de MW fiecare, Elcen Bucure\u015fti va opri centralele care produc energie electric\u0103 \u015fi va furniza doar agentul termic, deci cu cazane de ap\u0103 fierbinte pentru ap\u0103 cald\u0103. Totodat\u0103, ca o m\u0103sur\u0103 cu totul \u015fi cu totul special\u0103, Nuclearelectrica s\u0103 reduc\u0103 cu 10-20% produc\u0163ia de energie \u00een cele dou\u0103 reactoare CANDU de la Cernavod\u0103. Toate acestea pentru a ne asigura c\u0103 sistemul electroenergetic nu are probleme de adecvan\u0163\u0103 \u015fi c\u0103 va r\u0103m\u00e2ne \u00een echilibru, a\u015fa \u00eenc\u00e2t rom\u00e2nii s\u0103 aib\u0103 lumin\u0103 \u00een locuin\u0163e de Pa\u015fte\u201d, a afirmat Burduja.Ministrul Energiei a mai spus c\u0103 se va face apel la to\u0163i prosumatorii care produc energie \u015fi al c\u0103ror num\u0103r a ajuns la aproximativ 200.000 s\u0103 opreasc\u0103 invertoarele panourilor fotovoltaice a\u015fa \u00eenc\u00e2t s\u0103 fie mai pu\u0163in\u0103 produc\u0163ie \u00een sistem \u015fi s\u0103 scad\u0103 \u201estresul\u201d asupra acestuia.Sebastian Burduja a mai spus c\u0103 speciali\u015ftii iau \u00een calcul toate scenariile, chiar \u015fi cele mai pesismiste \u015fi c\u0103 au un plan de ac\u0163iune \u015fi de m\u0103suri \u00een cazul unor posibile dezechilibre ale sistemului energetic.\u201eToate m\u0103surile sunt \u00een dinamic\u0103. Spre exemplu, produc\u0163ia Hidroelectrica poate fi ajustat\u0103 \u00een func\u0163ie de produc\u0163ia din celelalte surse de energie. De asemenea, principalii furnizori ai serviciilor de stocare de energie au bateriile preg\u0103tite s\u0103 absorb\u0103 energie \u00een exces. Pe datele pe care le avem acum, nu avem motive de \u00eengrijorare. \u00cen afar\u0103 de probleme uzuale, la acest moment nu anticip\u0103m c\u0103 ar fi deranjamente pe scar\u0103 ceva mai larg\u0103\u201d, a mai spus Sebastian Burduja.<\/p>","protected":false},"excerpt":{"rendered":"<p>Ministrul Sebastian Burduja a explicat c\u0103 atunci c\u00e2nd consumul de energie electric\u0103 este foarte mic,&hellip;<\/p>\n","protected":false},"author":0,"featured_media":47440,"comment_status":"open","ping_status":"open","sticky":false,"template":"","format":"standard","meta":{"footnotes":""},"categories":[2],"tags":[],"class_list":["post-47448","post","type-post","status-publish","format-standard","has-post-thumbnail","hentry","category-actual"],"_links":{"self":[{"href":"https:\/\/247stiri.ro\/index.php\/wp-json\/wp\/v2\/posts\/47448","targetHints":{"allow":["GET"]}}],"collection":[{"href":"https:\/\/247stiri.ro\/index.php\/wp-json\/wp\/v2\/posts"}],"about":[{"href":"https:\/\/247stiri.ro\/index.php\/wp-json\/wp\/v2\/types\/post"}],"replies":[{"embeddable":true,"href":"https:\/\/247stiri.ro\/index.php\/wp-json\/wp\/v2\/comments?post=47448"}],"version-history":[{"count":0,"href":"https:\/\/247stiri.ro\/index.php\/wp-json\/wp\/v2\/posts\/47448\/revisions"}],"wp:featuredmedia":[{"embeddable":true,"href":"https:\/\/247stiri.ro\/index.php\/wp-json\/wp\/v2\/media\/47440"}],"wp:attachment":[{"href":"https:\/\/247stiri.ro\/index.php\/wp-json\/wp\/v2\/media?parent=47448"}],"wp:term":[{"taxonomy":"category","embeddable":true,"href":"https:\/\/247stiri.ro\/index.php\/wp-json\/wp\/v2\/categories?post=47448"},{"taxonomy":"post_tag","embeddable":true,"href":"https:\/\/247stiri.ro\/index.php\/wp-json\/wp\/v2\/tags?post=47448"}],"curies":[{"name":"wp","href":"https:\/\/api.w.org\/{rel}","templated":true}]}}