{"id":47454,"date":"2025-04-15T18:44:51","date_gmt":"2025-04-15T18:44:51","guid":{"rendered":"https:\/\/247stiri.ro\/index.php\/2025\/04\/15\/tragedie-in-maramures-barbat-de-63-de-ani-lovit-mortal-de-o-masina-care-dadea-cu-spatele\/"},"modified":"2025-04-15T18:44:51","modified_gmt":"2025-04-15T18:44:51","slug":"tragedie-in-maramures-barbat-de-63-de-ani-lovit-mortal-de-o-masina-care-dadea-cu-spatele","status":"publish","type":"post","link":"https:\/\/247stiri.ro\/index.php\/2025\/04\/15\/tragedie-in-maramures-barbat-de-63-de-ani-lovit-mortal-de-o-masina-care-dadea-cu-spatele\/","title":{"rendered":"Tragedie \u00een Maramure\u0219. B\u0103rbat de 63 de ani lovit mortal de o ma\u0219in\u0103 care d\u0103dea cu spatele"},"content":{"rendered":"<p>Potrivit IPJ Maramure\u0219, <a href=\"https:\/\/www.realitatea.net\/stiri\/actual\/accident-grav-pe-dn1-in-sinaia-un-microbuz-sa-ciocnit-violent-cu-un-autoturism_67fe6f296e78591c5d7625d2\" target=\"_blank\">incidentul <\/a>a avut loc \u00een localitatea T\u0103u\u021bii de Sus, iar din primele verific\u0103ri a reie\u0219it faptul c\u0103 \u0219oferul unei ma\u0219ini nu s-ar fi asigurat la manevra de mers \u00eenapoi \u0219i ar fi surprins un b\u0103rbat \u00een v\u00e2rst\u0103 de 63 de ani.<\/p>\n<p>Impactul a fost at\u00e2t de puternic \u00eenc\u00e2t victima a murit pe loc, iar cadavrul s\u0103u a fost transportat la morga spitalului \u00een vederea efectu\u0103rii necropsiei.<\/p>\n<p>\u00centre timp, \u0219oferul vinovat de producerea acestei tragedii, un b\u0103rbat \u00een v\u00e2rst\u0103 de 61 de ani, a fost testat cu aparatul etilotest, iar rezultatul a indicat c\u0103 nu se afla sub influen\u021ba b\u0103uturilor alcoolice.<\/p>\n<p>\u00cen acest caz, poli\u021bi\u0219tii au deschis un dosar penal pentru ucidere din culp\u0103 \u0219i continu\u0103 cercet\u0103rile \u00een vederea document\u0103rii faptei \u0219i dispunerii m\u0103surilor legale.<\/p>","protected":false},"excerpt":{"rendered":"<p>Potrivit IPJ Maramure\u0219, incidentul a avut loc \u00een localitatea T\u0103u\u021bii de Sus, iar din primele&hellip;<\/p>\n","protected":false},"author":0,"featured_media":47455,"comment_status":"open","ping_status":"open","sticky":false,"template":"","format":"standard","meta":{"footnotes":""},"categories":[2],"tags":[],"class_list":["post-47454","post","type-post","status-publish","format-standard","has-post-thumbnail","hentry","category-actual"],"_links":{"self":[{"href":"https:\/\/247stiri.ro\/index.php\/wp-json\/wp\/v2\/posts\/47454","targetHints":{"allow":["GET"]}}],"collection":[{"href":"https:\/\/247stiri.ro\/index.php\/wp-json\/wp\/v2\/posts"}],"about":[{"href":"https:\/\/247stiri.ro\/index.php\/wp-json\/wp\/v2\/types\/post"}],"replies":[{"embeddable":true,"href":"https:\/\/247stiri.ro\/index.php\/wp-json\/wp\/v2\/comments?post=47454"}],"version-history":[{"count":0,"href":"https:\/\/247stiri.ro\/index.php\/wp-json\/wp\/v2\/posts\/47454\/revisions"}],"wp:featuredmedia":[{"embeddable":true,"href":"https:\/\/247stiri.ro\/index.php\/wp-json\/wp\/v2\/media\/47455"}],"wp:attachment":[{"href":"https:\/\/247stiri.ro\/index.php\/wp-json\/wp\/v2\/media?parent=47454"}],"wp:term":[{"taxonomy":"category","embeddable":true,"href":"https:\/\/247stiri.ro\/index.php\/wp-json\/wp\/v2\/categories?post=47454"},{"taxonomy":"post_tag","embeddable":true,"href":"https:\/\/247stiri.ro\/index.php\/wp-json\/wp\/v2\/tags?post=47454"}],"curies":[{"name":"wp","href":"https:\/\/api.w.org\/{rel}","templated":true}]}}