{"id":47474,"date":"2025-04-15T20:45:02","date_gmt":"2025-04-15T20:45:02","guid":{"rendered":"https:\/\/247stiri.ro\/index.php\/2025\/04\/15\/incendiu-de-proportii-in-municipiul-iasi-doua-case-au-fost-mistuite-de-flacari\/"},"modified":"2025-04-15T20:45:02","modified_gmt":"2025-04-15T20:45:02","slug":"incendiu-de-proportii-in-municipiul-iasi-doua-case-au-fost-mistuite-de-flacari","status":"publish","type":"post","link":"https:\/\/247stiri.ro\/index.php\/2025\/04\/15\/incendiu-de-proportii-in-municipiul-iasi-doua-case-au-fost-mistuite-de-flacari\/","title":{"rendered":"Incendiu de propor\u021bii \u00een municipiul Ia\u0219i. Dou\u0103 case au fost mistuite de fl\u0103c\u0103ri"},"content":{"rendered":"<p><a href=\"https:\/\/www.realitatea.net\/stiri\/extern\/casa-unui-politician-incendiata-in-toiul-noptii-cine-a-dat-foc_67fcd259a6da2d6a2e35e742\" target=\"_blank\">Incidentul<\/a> a avut loc pe strada Soficu, din municipiul Ia\u0219i, iar la scurt timp, la fa\u021ba locului au intervenit pompierii cu mai multe autospeciale de stingere.\u00a0<\/p>\n<p>\u201dLa ajungerea for\u0163elor de interven\u0163ie la locul solicit\u0103rii, incendiul se manifesta la o cas\u0103 de locuit pe o suprafa\u0163\u0103 de aproximativ 200 mp, \u00een faza de dezvoltare, cu posibilit\u0103\u0163i de propagare la dou\u0103 case \u00eenvecinate \u015fi un garaj\u201d, au transmis, ini\u021bial, pompierii.<\/p>\n<p>Ulterior, reprezentan\u021bii ISU Ia\u0219i au anun\u021bat c\u0103 fl\u0103c\u0103rile s-au extins la o cas\u0103 \u00eenvecinat\u0103 P+M pe o suprafa\u0163\u0103 de aproximativ 200 mp \u015fi anexa acesteia, av\u00e2nd destina\u0163ia garaj, cu o suprafa\u0163\u0103 de aproximativ 50 mp.<\/p>\n<p>\u201dIncendiul este localizat la prima cas\u0103 de locuit \u015fi la anex\u0103, iar la casa P+M se lucreaz\u0103 pentru decopertare la acoperi\u015f \u015fi localizare incendiu\u201d, au men\u021bionat cei de la ISU.<\/p>\n<p>Potrivit lor, o femeie \u00een v\u00e2rst\u0103 de 88 ani a suferit un atac de panic\u0103 \u0219i a fost evaluat\u0103 medical la fa\u0163a locului.<\/p>","protected":false},"excerpt":{"rendered":"<p>Incidentul a avut loc pe strada Soficu, din municipiul Ia\u0219i, iar la scurt timp, la&hellip;<\/p>\n","protected":false},"author":0,"featured_media":47475,"comment_status":"open","ping_status":"open","sticky":false,"template":"","format":"standard","meta":{"footnotes":""},"categories":[2],"tags":[],"class_list":["post-47474","post","type-post","status-publish","format-standard","has-post-thumbnail","hentry","category-actual"],"_links":{"self":[{"href":"https:\/\/247stiri.ro\/index.php\/wp-json\/wp\/v2\/posts\/47474","targetHints":{"allow":["GET"]}}],"collection":[{"href":"https:\/\/247stiri.ro\/index.php\/wp-json\/wp\/v2\/posts"}],"about":[{"href":"https:\/\/247stiri.ro\/index.php\/wp-json\/wp\/v2\/types\/post"}],"replies":[{"embeddable":true,"href":"https:\/\/247stiri.ro\/index.php\/wp-json\/wp\/v2\/comments?post=47474"}],"version-history":[{"count":0,"href":"https:\/\/247stiri.ro\/index.php\/wp-json\/wp\/v2\/posts\/47474\/revisions"}],"wp:featuredmedia":[{"embeddable":true,"href":"https:\/\/247stiri.ro\/index.php\/wp-json\/wp\/v2\/media\/47475"}],"wp:attachment":[{"href":"https:\/\/247stiri.ro\/index.php\/wp-json\/wp\/v2\/media?parent=47474"}],"wp:term":[{"taxonomy":"category","embeddable":true,"href":"https:\/\/247stiri.ro\/index.php\/wp-json\/wp\/v2\/categories?post=47474"},{"taxonomy":"post_tag","embeddable":true,"href":"https:\/\/247stiri.ro\/index.php\/wp-json\/wp\/v2\/tags?post=47474"}],"curies":[{"name":"wp","href":"https:\/\/api.w.org\/{rel}","templated":true}]}}