{"id":47518,"date":"2025-04-16T05:45:11","date_gmt":"2025-04-16T05:45:11","guid":{"rendered":"https:\/\/247stiri.ro\/index.php\/2025\/04\/16\/situatie-revoltatoare-la-un-liceu-din-timisoara-inchiriat-ca-spatii-pentru-birouri-si-hotel-cu-camera-de-masaj-barbati-dezbracati-surprinsi-pe-holuri-de-elevi\/"},"modified":"2025-04-16T05:45:11","modified_gmt":"2025-04-16T05:45:11","slug":"situatie-revoltatoare-la-un-liceu-din-timisoara-inchiriat-ca-spatii-pentru-birouri-si-hotel-cu-camera-de-masaj-barbati-dezbracati-surprinsi-pe-holuri-de-elevi","status":"publish","type":"post","link":"https:\/\/247stiri.ro\/index.php\/2025\/04\/16\/situatie-revoltatoare-la-un-liceu-din-timisoara-inchiriat-ca-spatii-pentru-birouri-si-hotel-cu-camera-de-masaj-barbati-dezbracati-surprinsi-pe-holuri-de-elevi\/","title":{"rendered":"Situa\u021bie revolt\u0103toare la un liceu din Timi\u015foara: \u00eenchiriat ca spa\u0163ii pentru birouri \u015fi hotel, cu camer\u0103 de masaj. B\u0103rba\u021bi dezbr\u0103ca\u021bi, surprin\u0219i pe holuri de elevi"},"content":{"rendered":"<p>Georgeta Horelu, directoarea Liceului Tehnologic de Vest, anun\u021b\u0103 c\u0103 \u00ee\u0219i va \u00eenainta demisia dup\u0103 ce a ie\u0219it la iveal\u0103, \u00een urma unui control f\u0103cut de viceprimarul Ruben Latcau, c\u0103 \u00een internatul \u0219colii mai multe camere erau \u00eenchiriate de ani buni.<\/p>\n\n<p>Edilul a f\u0103cut o verificare luni sear\u0103, dup\u0103 ce, cu cateva ore inainte venise s\u0103 opreasc\u0103 un protest al elevilor \u0219i a aflat de la cei pe care vrea s\u0103 \u00eei mute c\u0103 \u00een c\u0103min sunt mai multe \u00eenc\u0103peri date \u00een chirie unor muncitori.<\/p>\n<p>\u201eMai multe eleve ale Liceului Tehnologic de Vest mi-au spus c\u0103 ele se \u00eent\u00e2lnesc \u00een timpul orelor, c\u00e2nd ies din clas\u0103, cu b\u0103rba\u021bi dezbr\u0103ca\u021bi care au doar un prosop. Am considerat chiar imperios necesar s\u0103 facem o verificare c\u00e2t mai rapid\u0103. Am descoperit c\u0103, de fapt, din cele patru etaje ale internatului, ale acestei cl\u0103diri, dou\u0103 etaje sunt ocupate \u00een \u00eentregime de diver\u0219i oameni: de muncitori, am v\u0103zut c\u0103 \u00een anumite spa\u021bii erau firme care presteaz\u0103 activitate comercial\u0103, care fac preg\u0103tire profesional\u0103 pentru paznici, emit atestate pentru paznici \u00een acea loca\u021bie, \u00een \u0219coal\u0103. Era un spa\u021biu unde era, practic, un salon de masaj sau de kinetoterapie, unde un domn practica meseria \u0219i avea clien\u021bi acolo\u201d, a spus viceprimarul Timi\u0219oarei, citat de <a href=\"https:\/\/www.opiniatimisoarei.ro\/nu-vor-sa-se-mute-protest-al-elevilor-de-la-liceul-tehnologic-de-vest-fata-de-decizia-primariei\/14\/04\/2025\" target=\"_blank\">opiniatimisoarei.ro<\/a>.<\/p>\n<p>Ruben Latcau a sus\u021binut c\u0103 nu \u0219tia de aceste practici, de\u0219i Prim\u0103ria Timi\u0219oara gestioneaz\u0103 cl\u0103dirile unit\u0103\u021bilor de \u00eenv\u0103\u021b\u0103m\u00e2nt din ora\u0219, iar municipalitatea are reprezentan\u021bi \u00een toate consiliile de administra\u021bie ale \u0219colilor.\u00a0<\/p>\n<p>Viceprimarul a cerut Inspectoratului \u0218colar s\u0103 ia m\u0103suri, iar directoarea s\u0103-\u0219i dea demisia. Aceasta din urm\u0103 spune ca va pleca. A precizat c\u0103 are contracte de \u00eenchiriere cu cei pe care \u00eei g\u0103zduia \u00een internat. Mai mult, spune c\u0103 \u00eei \u0219i instiintase pe chiria\u0219i c\u0103 din 28 aprilie trebuie s\u0103 plece, \u00eentruc\u00e2t Prim\u0103ria Timi\u0219oara va muta liceul \u00eentr-un alt spa\u021biu, pentru c\u0103 \u00een cl\u0103direa din Iosefin s\u0103-i aduc\u0103 pe elevii de la Colegiul Ana Aslan, a c\u0103ror \u0219coal\u0103 intr\u0103 \u00een repara\u021bii.<\/p>\n<p>\u201eMi s-a spus c\u0103 cel mai bine ar fi s\u0103 \u00eemi dau demisia de onoare, ca s\u0103 nu fie alte repercusiuni, \u0219i facem tot posibilul s\u0103 nu mute copiii de-aicea m\u0103car p\u00e2n\u0103 la sf\u00e2r\u0219itul anului. Prefer s\u0103 m\u0103 sacrific eu dec\u00e2t \u00eentreaga \u0219coal\u0103\u201d, a declarat Georgeta Honorelu, directoarea Liceului Tehnologic de Vest Timi\u0219oara.<\/p>\n<p>La liceu a fost trimis \u0219i corpul de control al primarului. Acesta trebuie s\u0103 stabileasca cu precizie unde ajungeau banii lua\u021bi din chirii. \u00cen func\u021bie de rezultatele acestor cercet\u0103ri interne, prim\u0103ria va depune \u0219i o pl\u00e2ngere.<\/p>\n<p>Inspectoratul Scolar Timi\u0219 a demarat la r\u00e2ndul c\u0103u o anchet\u0103 la liceu.<\/p>\n<p>\u201eDac\u0103 se confirm\u0103 c\u0103 persoane str\u0103ine de procesul educa\u021bional au fost cazate \u00een internatul Colegiului Tehnic de Vest, f\u0103r\u0103 s\u0103 existe baza legal\u0103 corespunz\u0103toare, avem de-a face cu o \u00eenc\u0103lcare clar\u0103 a legisla\u021biei \u0219i a normelor de func\u021bionare a institu\u021biilor de \u00eenv\u0103\u021b\u0103m\u00e2nt\u201d, au transmis reprezentantii ISJ Timis.<\/p>","protected":false},"excerpt":{"rendered":"<p>Georgeta Horelu, directoarea Liceului Tehnologic de Vest, anun\u021b\u0103 c\u0103 \u00ee\u0219i va \u00eenainta demisia dup\u0103 ce&hellip;<\/p>\n","protected":false},"author":0,"featured_media":47519,"comment_status":"open","ping_status":"open","sticky":false,"template":"","format":"standard","meta":{"footnotes":""},"categories":[2],"tags":[],"class_list":["post-47518","post","type-post","status-publish","format-standard","has-post-thumbnail","hentry","category-actual"],"_links":{"self":[{"href":"https:\/\/247stiri.ro\/index.php\/wp-json\/wp\/v2\/posts\/47518","targetHints":{"allow":["GET"]}}],"collection":[{"href":"https:\/\/247stiri.ro\/index.php\/wp-json\/wp\/v2\/posts"}],"about":[{"href":"https:\/\/247stiri.ro\/index.php\/wp-json\/wp\/v2\/types\/post"}],"replies":[{"embeddable":true,"href":"https:\/\/247stiri.ro\/index.php\/wp-json\/wp\/v2\/comments?post=47518"}],"version-history":[{"count":0,"href":"https:\/\/247stiri.ro\/index.php\/wp-json\/wp\/v2\/posts\/47518\/revisions"}],"wp:featuredmedia":[{"embeddable":true,"href":"https:\/\/247stiri.ro\/index.php\/wp-json\/wp\/v2\/media\/47519"}],"wp:attachment":[{"href":"https:\/\/247stiri.ro\/index.php\/wp-json\/wp\/v2\/media?parent=47518"}],"wp:term":[{"taxonomy":"category","embeddable":true,"href":"https:\/\/247stiri.ro\/index.php\/wp-json\/wp\/v2\/categories?post=47518"},{"taxonomy":"post_tag","embeddable":true,"href":"https:\/\/247stiri.ro\/index.php\/wp-json\/wp\/v2\/tags?post=47518"}],"curies":[{"name":"wp","href":"https:\/\/api.w.org\/{rel}","templated":true}]}}