{"id":47526,"date":"2025-04-16T06:45:07","date_gmt":"2025-04-16T06:45:07","guid":{"rendered":"https:\/\/247stiri.ro\/index.php\/2025\/04\/16\/bomba-politica-a-zilei-procesele-rezistilor-disperati-sa-l-sustina-pe-nicusor-dan-se-judeca-azi\/"},"modified":"2025-04-16T06:45:07","modified_gmt":"2025-04-16T06:45:07","slug":"bomba-politica-a-zilei-procesele-rezistilor-disperati-sa-l-sustina-pe-nicusor-dan-se-judeca-azi","status":"publish","type":"post","link":"https:\/\/247stiri.ro\/index.php\/2025\/04\/16\/bomba-politica-a-zilei-procesele-rezistilor-disperati-sa-l-sustina-pe-nicusor-dan-se-judeca-azi\/","title":{"rendered":"Bomba politic\u0103 a zilei. Procesele rezi\u0219tilor dispera\u021bi s\u0103-l sus\u021bin\u0103 pe Nicu\u0219or Dan se judec\u0103\u00a0azi"},"content":{"rendered":"<p>La Curtea de Apel Bucure\u0219ti sunt programate, miercuri, dou\u0103 procese legate de USR, potrivit Realitatea Plus. \u00cen primul, forma\u021biunea solicit\u0103 s\u0103 i se permit\u0103 s\u0103 \u00eei fac\u0103 lui Nicu\u0219or Dan campanie electoral\u0103, nu Elenei Lasconi, \u0219efa forma\u021biunii \u0219i cea declarat\u0103 drept candidat la alegerile preziden\u021biale.<\/p>\n<p>\u00centr-un proces separat, unul dintre liderii USR, Ionu\u021b Mo\u0219teanu, cere \u00een instan\u021b\u0103 dreptul de a posta pe re\u021bele de socializare mesaje pro Nicu\u0219or Dan. Demersul s\u0103u vine dup\u0103 ce Biroul Electoral Central a precizat c\u0103 nici USR, nici politicienii forma\u021biunii, nu pot sus\u021bine public un alt candidat dec\u00e2t cel pe care l-au declarat oficial, adic\u0103 Elena Lasconi.<\/p>\n<p><a title=\"Razboiul din USR ar putea duce la desfiintarea in justitie a partidului. Deciziile luate ar fi ilegale si nestatutare\" href=\"https:\/\/www.realitatea.net\/stiri\/alegeri-2025\/razboiul-din-usr-ar-putea-duce-la-desfiintarea-in-justitie-a-partidului-deciziile-luate-ar-fi-ilegale-si-nestatutare_67ff31d48b8039407b521502\">R\u0103zboiul din USR ar putea duce la desfiin\u021barea \u00een justi\u021bie a partidului. Deciziile luate ar fi ilegale \u0219i nestatutare<\/a><\/p>\n<p>\u00a0<\/p>","protected":false},"excerpt":{"rendered":"<p>La Curtea de Apel Bucure\u0219ti sunt programate, miercuri, dou\u0103 procese legate de USR, potrivit Realitatea&hellip;<\/p>\n","protected":false},"author":0,"featured_media":47527,"comment_status":"open","ping_status":"open","sticky":false,"template":"","format":"standard","meta":{"footnotes":""},"categories":[3],"tags":[],"class_list":["post-47526","post","type-post","status-publish","format-standard","has-post-thumbnail","hentry","category-politica"],"_links":{"self":[{"href":"https:\/\/247stiri.ro\/index.php\/wp-json\/wp\/v2\/posts\/47526","targetHints":{"allow":["GET"]}}],"collection":[{"href":"https:\/\/247stiri.ro\/index.php\/wp-json\/wp\/v2\/posts"}],"about":[{"href":"https:\/\/247stiri.ro\/index.php\/wp-json\/wp\/v2\/types\/post"}],"replies":[{"embeddable":true,"href":"https:\/\/247stiri.ro\/index.php\/wp-json\/wp\/v2\/comments?post=47526"}],"version-history":[{"count":0,"href":"https:\/\/247stiri.ro\/index.php\/wp-json\/wp\/v2\/posts\/47526\/revisions"}],"wp:featuredmedia":[{"embeddable":true,"href":"https:\/\/247stiri.ro\/index.php\/wp-json\/wp\/v2\/media\/47527"}],"wp:attachment":[{"href":"https:\/\/247stiri.ro\/index.php\/wp-json\/wp\/v2\/media?parent=47526"}],"wp:term":[{"taxonomy":"category","embeddable":true,"href":"https:\/\/247stiri.ro\/index.php\/wp-json\/wp\/v2\/categories?post=47526"},{"taxonomy":"post_tag","embeddable":true,"href":"https:\/\/247stiri.ro\/index.php\/wp-json\/wp\/v2\/tags?post=47526"}],"curies":[{"name":"wp","href":"https:\/\/api.w.org\/{rel}","templated":true}]}}