{"id":47528,"date":"2025-04-16T06:45:08","date_gmt":"2025-04-16T06:45:08","guid":{"rendered":"https:\/\/247stiri.ro\/index.php\/2025\/04\/16\/surse-se-pregateste-chemarea-lui-calin-georgescu-la-parchet-manevrele-diserate-asupra-dosarelor-candidatului-interzis-de-sistem\/"},"modified":"2025-04-16T06:45:08","modified_gmt":"2025-04-16T06:45:08","slug":"surse-se-pregateste-chemarea-lui-calin-georgescu-la-parchet-manevrele-diserate-asupra-dosarelor-candidatului-interzis-de-sistem","status":"publish","type":"post","link":"https:\/\/247stiri.ro\/index.php\/2025\/04\/16\/surse-se-pregateste-chemarea-lui-calin-georgescu-la-parchet-manevrele-diserate-asupra-dosarelor-candidatului-interzis-de-sistem\/","title":{"rendered":"SURSE: Se preg\u0103te\u0219te chemarea lui C\u0103lin Georgescu la Parchet &#8211; manevrele diserate asupra dosarelor candidatului interzis de sistem"},"content":{"rendered":"<p>C\u0103lin Georgescu urmeaz\u0103 s\u0103 ajung\u0103, ast\u0103zi, din nou, \u00een fa\u021ba poli\u021bi\u0219tior de la IPJ Ilfov pentru a semna \u00een cadrul m\u0103surii preventive de control judiciar.\u00a0<\/p>\n<p>M\u0103sura se apropie de final \u0219i, potrivit unor surse citate de Realitatea PLUS, \u00een perioada imediat urm\u0103toare urmeaz\u0103 ca Georgescu s\u0103 fie citat din nou de procurori la Parchetul General pentru noi audieri pentru a se stabili dac\u0103 se prelunge\u0219te aceast\u0103 m\u0103sur\u0103 preventiv\u0103 sau dac\u0103 se \u00eenlocuie\u0219te cu alta.\u00a0<\/p>\n<p>\u00centre timp, surse apropiate anchetei au declarat, pentru Realitatea PLUS, c\u0103, de la jum\u0103tatea lunii februarie \u0219i p\u00e2n\u0103 \u00een prezent, nu a mai fost f\u0103cut\u0103 nicio activitate \u00een cadrul acestor anchete penale, fapt pentru care spun avoca\u021bii c\u0103 ar fi fost deschise toate aceste dosare la ordin politic, pentru a-i \u00eempiedica acestuia candidatura la alegerile preziden\u021biale.\u00a0<\/p>\n<p>Trei dosare penale au fost deschise pentru 6 acuza\u021bii extrem de grave care nu se justific\u0103 \u0219i nu sunt argumentate.<\/p>\n<p>Tot surse indic\u0103 faptul c\u0103 \u00een cadrul acestui dosar urmeaz\u0103 s\u0103 fie desf\u0103\u0219urate mai multe perchezi\u021bii informatice asupra unor dispozitive electronice.\u00a0<\/p>\n<p>\u00a0<\/p>","protected":false},"excerpt":{"rendered":"<p>C\u0103lin Georgescu urmeaz\u0103 s\u0103 ajung\u0103, ast\u0103zi, din nou, \u00een fa\u021ba poli\u021bi\u0219tior de la IPJ Ilfov&hellip;<\/p>\n","protected":false},"author":0,"featured_media":47529,"comment_status":"open","ping_status":"open","sticky":false,"template":"","format":"standard","meta":{"footnotes":""},"categories":[3],"tags":[],"class_list":["post-47528","post","type-post","status-publish","format-standard","has-post-thumbnail","hentry","category-politica"],"_links":{"self":[{"href":"https:\/\/247stiri.ro\/index.php\/wp-json\/wp\/v2\/posts\/47528","targetHints":{"allow":["GET"]}}],"collection":[{"href":"https:\/\/247stiri.ro\/index.php\/wp-json\/wp\/v2\/posts"}],"about":[{"href":"https:\/\/247stiri.ro\/index.php\/wp-json\/wp\/v2\/types\/post"}],"replies":[{"embeddable":true,"href":"https:\/\/247stiri.ro\/index.php\/wp-json\/wp\/v2\/comments?post=47528"}],"version-history":[{"count":0,"href":"https:\/\/247stiri.ro\/index.php\/wp-json\/wp\/v2\/posts\/47528\/revisions"}],"wp:featuredmedia":[{"embeddable":true,"href":"https:\/\/247stiri.ro\/index.php\/wp-json\/wp\/v2\/media\/47529"}],"wp:attachment":[{"href":"https:\/\/247stiri.ro\/index.php\/wp-json\/wp\/v2\/media?parent=47528"}],"wp:term":[{"taxonomy":"category","embeddable":true,"href":"https:\/\/247stiri.ro\/index.php\/wp-json\/wp\/v2\/categories?post=47528"},{"taxonomy":"post_tag","embeddable":true,"href":"https:\/\/247stiri.ro\/index.php\/wp-json\/wp\/v2\/tags?post=47528"}],"curies":[{"name":"wp","href":"https:\/\/api.w.org\/{rel}","templated":true}]}}