{"id":47543,"date":"2025-04-16T07:44:51","date_gmt":"2025-04-16T07:44:51","guid":{"rendered":"https:\/\/247stiri.ro\/index.php\/2025\/04\/16\/comisia-europeana-preia-reteaua-usaid-miliarde-de-euro-din-bani-publici-vor-merge-catre-ong-uri\/"},"modified":"2025-04-16T07:44:51","modified_gmt":"2025-04-16T07:44:51","slug":"comisia-europeana-preia-reteaua-usaid-miliarde-de-euro-din-bani-publici-vor-merge-catre-ong-uri","status":"publish","type":"post","link":"https:\/\/247stiri.ro\/index.php\/2025\/04\/16\/comisia-europeana-preia-reteaua-usaid-miliarde-de-euro-din-bani-publici-vor-merge-catre-ong-uri\/","title":{"rendered":"Comisia European\u0103 preia re\u021beaua USAID. Miliarde de euro din bani publici vor merge c\u0103tre ONG-uri"},"content":{"rendered":"<p>Profesorul olandez de drept John Morijn este, de asemenea, citat luni \u00een Politico, spun\u00e2nd c\u0103, ca parte a planurilor \u201eReArm Europe&#8221; ale Bruxelles-ului, \u201ea aloca 1-2% pentru ap\u0103rarea democra\u021biei ar trebui s\u0103 fie fezabil&#8221;. Asta \u00eenseamn\u0103 c\u0103 p\u00e2n\u0103 la 16 miliarde de euro pot fi aloca\u021bi pentru finan\u021barea ONG-urilor. Morijn a \u00eendemnat statele membre s\u0103 \u201ecear\u0103 Comisiei s\u0103 evalueze decalajul cauzat de retragerea USAID \u00een finan\u021barea ONG-urilor pentru democra\u021bie&#8221;. Strategul global Christy Quirk a ad\u0103ugat c\u0103 \u201etimpul se scurge&#8221; \u00een dezavantajul acelor ONG-uri.<\/p>\n<p>Au existat si opinii contra, mai ales din partea europarlamentarilor maghiari. \u201eComisia European\u0103 nu ar trebui s\u0103 umple golul l\u0103sat de USAID&#8221;, a zis J\u00e1nos B\u00f3ka, ministrul afacerilor UE din Ungaria. Slovacia a adoptat, de asemenea, o linie dur\u0103 cu privire la rolul ONG-urilor \u00een politica na\u021bional\u0103. Bratislava a determinat criticii globali\u0219ti s\u0103 atace parlamentarii pentru presupusa \u201elegisla\u021bie \u00een stil Putin&#8221;. Potrivit MCC Bruxelles, UE a dat deja bani ONG-urilor pentru a ajuta la r\u0103sp\u00e2ndirea agendei politice a Comisiei \u00een toat\u0103 Europa.<\/p>\n<p><a title=\"Lovitura decisiva impotriva USAID. Marco Rubio a facut anuntul \" href=\"https:\/\/www.realitatea.net\/stiri\/actual\/lovitura-decisiva-impotriva-usaid-marco-rubio-a-facut-anuntul_67cf2ada39312f758120fb62\">Lovitur\u0103 decisiv\u0103 \u00eempotriva USAID. Marco Rubio a f\u0103cut anun\u021bul<\/a><\/p>","protected":false},"excerpt":{"rendered":"<p>Profesorul olandez de drept John Morijn este, de asemenea, citat luni \u00een Politico, spun\u00e2nd c\u0103,&hellip;<\/p>\n","protected":false},"author":0,"featured_media":47541,"comment_status":"open","ping_status":"open","sticky":false,"template":"","format":"standard","meta":{"footnotes":""},"categories":[2],"tags":[],"class_list":["post-47543","post","type-post","status-publish","format-standard","has-post-thumbnail","hentry","category-actual"],"_links":{"self":[{"href":"https:\/\/247stiri.ro\/index.php\/wp-json\/wp\/v2\/posts\/47543","targetHints":{"allow":["GET"]}}],"collection":[{"href":"https:\/\/247stiri.ro\/index.php\/wp-json\/wp\/v2\/posts"}],"about":[{"href":"https:\/\/247stiri.ro\/index.php\/wp-json\/wp\/v2\/types\/post"}],"replies":[{"embeddable":true,"href":"https:\/\/247stiri.ro\/index.php\/wp-json\/wp\/v2\/comments?post=47543"}],"version-history":[{"count":0,"href":"https:\/\/247stiri.ro\/index.php\/wp-json\/wp\/v2\/posts\/47543\/revisions"}],"wp:featuredmedia":[{"embeddable":true,"href":"https:\/\/247stiri.ro\/index.php\/wp-json\/wp\/v2\/media\/47541"}],"wp:attachment":[{"href":"https:\/\/247stiri.ro\/index.php\/wp-json\/wp\/v2\/media?parent=47543"}],"wp:term":[{"taxonomy":"category","embeddable":true,"href":"https:\/\/247stiri.ro\/index.php\/wp-json\/wp\/v2\/categories?post=47543"},{"taxonomy":"post_tag","embeddable":true,"href":"https:\/\/247stiri.ro\/index.php\/wp-json\/wp\/v2\/tags?post=47543"}],"curies":[{"name":"wp","href":"https:\/\/api.w.org\/{rel}","templated":true}]}}