{"id":47547,"date":"2025-04-16T07:44:52","date_gmt":"2025-04-16T07:44:52","guid":{"rendered":"https:\/\/247stiri.ro\/index.php\/2025\/04\/16\/vremea-ne-rasfata-de-sarbatorile-pascale-prognoza-anm-pentru-urmatoarele-zile\/"},"modified":"2025-04-16T07:44:52","modified_gmt":"2025-04-16T07:44:52","slug":"vremea-ne-rasfata-de-sarbatorile-pascale-prognoza-anm-pentru-urmatoarele-zile","status":"publish","type":"post","link":"https:\/\/247stiri.ro\/index.php\/2025\/04\/16\/vremea-ne-rasfata-de-sarbatorile-pascale-prognoza-anm-pentru-urmatoarele-zile\/","title":{"rendered":"Vremea ne r\u0103sfa\u021b\u0103 de S\u0103rb\u0103torile Pascale. Prognoza ANM pentru urm\u0103toarele zile"},"content":{"rendered":"<p>Directorul ANM, Elena Mateescu, a vorbit la Realitatea Plus despre evolu\u021bia vremii \u00een urm\u0103toarele zile, inclusiv \u00een pragul s\u0103rb\u0103torilor pascale:<\/p>\n<p>\u201eO vreme \u00een \u00eenc\u0103lzire de la o zi la alta. \u00cencep\u00e2nd de azi, temperaturile maxime la scara \u00eentregii \u021b\u0103ri vor fi cuprinse \u00eentre 13 p\u00e2n\u0103 la 26 de grade, pragul unei zile de var\u0103, chiar peste, av\u00e2nd \u00een vedere limita acestuia de 25 de grade Celsius.<\/p>\n<p>M\u00e2ine va fi cea mai cald\u0103 zi din aceast\u0103 s\u0103pt\u0103m\u00e2n\u0103, cu temperaturi chiar de p\u00e2n\u0103 la 28 de grade \u00een partea de vest a \u021b\u0103rii. \u00cen \u00eentreaga \u021bar\u0103 \u00eentre 17 p\u00e2n\u0103 la 28 de grade, inclusiv \u00een Capital\u0103, m\u00e2ine o maxim\u0103 de 20 de grade Celsius.<\/p>\n<p>Chiar \u0219i finalul s\u0103pt\u0103m\u00e2nii r\u0103m\u00e2ne \u00eentr-un ecart \u00een care vremea s\u0103 fie una frumoas\u0103, cu varia\u021bii mici de temperaturi de la o zi la alta, \u00eens\u0103 valorile s\u0103 fie cuprinse \u00eentre 13 p\u00e2n\u0103 la 22-23 de grade. De asemenea, \u0219i \u00een capital\u0103, vom avea o maxim\u0103 \u00een jurul a 19-20 de grade.<\/p>\n<p>Vor mai fi posibile probabil ploi locale \u00een Banat, \u00een Cri\u0219ana, \u00een Oltenia, dar \u0219i pe arii restr\u00e2nse \u00een Transilvania \u0219i Muntenia, pentru c\u0103 c\u0103ldura, a\u0219a cum spuneam de fiecare dat\u0103, vine la pachet \u0219i cu posibilitatea de a avea fenomene de instabilitate caracterizate prin averse\u201d, a spus directorul ANM.<\/p>\n<p>Meteorologii interna\u021bionali de la Accuweather prognozeaz\u0103 de asemena vreme frumoas\u0103 pentru capital\u0103 \u00een urm\u0103toarele zile:\u00a0<\/p>\n\n<p><a title=\"Zi importanta pentru credinciosi: Miercurea Mare, tradarea lui Iisus. Ce nu este bine sa faci azi\" href=\"https:\/\/www.realitatea.net\/stiri\/actual\/zi-importanta-pentru-credinciosi-miercurea-mare-tradarea-lui-iisus-ce-nu-este-bine-sa-faci-azi_67ff4af274f771715575f124\">Zi important\u0103 pentru credincio\u0219i: Miercurea Mare, tr\u0103darea lui Iisus. Ce nu este bine s\u0103 faci azi<\/a><\/p>","protected":false},"excerpt":{"rendered":"<p>Directorul ANM, Elena Mateescu, a vorbit la Realitatea Plus despre evolu\u021bia vremii \u00een urm\u0103toarele zile,&hellip;<\/p>\n","protected":false},"author":0,"featured_media":47548,"comment_status":"open","ping_status":"open","sticky":false,"template":"","format":"standard","meta":{"footnotes":""},"categories":[2],"tags":[],"class_list":["post-47547","post","type-post","status-publish","format-standard","has-post-thumbnail","hentry","category-actual"],"_links":{"self":[{"href":"https:\/\/247stiri.ro\/index.php\/wp-json\/wp\/v2\/posts\/47547","targetHints":{"allow":["GET"]}}],"collection":[{"href":"https:\/\/247stiri.ro\/index.php\/wp-json\/wp\/v2\/posts"}],"about":[{"href":"https:\/\/247stiri.ro\/index.php\/wp-json\/wp\/v2\/types\/post"}],"replies":[{"embeddable":true,"href":"https:\/\/247stiri.ro\/index.php\/wp-json\/wp\/v2\/comments?post=47547"}],"version-history":[{"count":0,"href":"https:\/\/247stiri.ro\/index.php\/wp-json\/wp\/v2\/posts\/47547\/revisions"}],"wp:featuredmedia":[{"embeddable":true,"href":"https:\/\/247stiri.ro\/index.php\/wp-json\/wp\/v2\/media\/47548"}],"wp:attachment":[{"href":"https:\/\/247stiri.ro\/index.php\/wp-json\/wp\/v2\/media?parent=47547"}],"wp:term":[{"taxonomy":"category","embeddable":true,"href":"https:\/\/247stiri.ro\/index.php\/wp-json\/wp\/v2\/categories?post=47547"},{"taxonomy":"post_tag","embeddable":true,"href":"https:\/\/247stiri.ro\/index.php\/wp-json\/wp\/v2\/tags?post=47547"}],"curies":[{"name":"wp","href":"https:\/\/api.w.org\/{rel}","templated":true}]}}