{"id":47561,"date":"2025-04-16T08:45:08","date_gmt":"2025-04-16T08:45:08","guid":{"rendered":"https:\/\/247stiri.ro\/index.php\/2025\/04\/16\/aleksandar-vucic-prietenul-lui-victor-ponta-gata-sa-se-duca-in-tribuna-alaturi-de-putin-la-moscova-la-parada-de-ziua-victoriei\/"},"modified":"2025-04-16T08:45:08","modified_gmt":"2025-04-16T08:45:08","slug":"aleksandar-vucic-prietenul-lui-victor-ponta-gata-sa-se-duca-in-tribuna-alaturi-de-putin-la-moscova-la-parada-de-ziua-victoriei","status":"publish","type":"post","link":"https:\/\/247stiri.ro\/index.php\/2025\/04\/16\/aleksandar-vucic-prietenul-lui-victor-ponta-gata-sa-se-duca-in-tribuna-alaturi-de-putin-la-moscova-la-parada-de-ziua-victoriei\/","title":{"rendered":"Aleksandar Vucic, prietenul lui Victor Ponta, gata s\u0103 se duc\u0103 \u00een tribun\u0103 al\u0103turi de Putin, la Moscova, la parada de Ziua Victoriei\u00a0"},"content":{"rendered":"<p>Serbia ar putea fi impiedicata sa adere la Uniunea Europeana daca presedintele sau, Vucic, calatoreste in Rusia luna viitoare pentru parada lui Vladimir Putin de Ziua Victoriei, transmite\u00a0<a href=\"https:\/\/www.telegraph.co.uk\/world-news\/2025\/04\/15\/eu-ban-serbia-if-president-joins-putin-victory-parade\/\">The Telegraph<\/a>.<\/p>\n<p>Presa rus\u0103 controlat\u0103 de stat a anun\u021bat c\u0103 Aleksandar Vucic va fi unul dintre demnitarii str\u0103ini care vor veni la parad\u0103.<\/p>\n<p>Pe fondul acestor informa\u021bii, oficialii europeni l-au avertizat pe liderul de la Belgrad c\u0103 gestul s\u0103u ar fi o \u00eenc\u0103lcare a criteriilor de aderare la blocul comunitar.<\/p>\n<p>Aleksandar Vucic este un bun prieten al lui Victor Ponta \u0219i cel care i-a acordat suvernistului vopsit cet\u0103\u021benie s\u00e2rb\u0103, \u00een 2018. Subiectul a revenit \u00een aten\u021bie \u00een urm\u0103 cu c\u00e2teva zile, dup\u0103 ce Ponta a sugerat c\u0103 a primit cet\u0103\u021benie pentru c\u0103 ar fi &#8222;salvat&#8221; Belgradul de inunda\u021bii catastrofale, prefer\u00e2nd s\u0103 deschid\u0103 barajul de la Por\u021bile de Fier \u0219i inund\u00e2nd astfel localit\u0103\u021bi din Rom\u00e2nia.<\/p>\n<p><a href=\"https:\/\/www.realitatea.net\/stiri\/politica\/ponta-sa-detonat-in-direct-de-frica-ancai-alexandrescu-se-lauda-si-acum-cu-inundatiile-video_67f928099ccef14b49431413#google_vignette\" target=\"_blank\">Ponta s-a detonat \u00een direct de frica Anc\u0103i Alexandrescu. Se laud\u0103 \u0219i acum cu inunda\u021biile &#8211; VIDEO<\/a><\/p>","protected":false},"excerpt":{"rendered":"<p>Serbia ar putea fi impiedicata sa adere la Uniunea Europeana daca presedintele sau, Vucic, calatoreste&hellip;<\/p>\n","protected":false},"author":0,"featured_media":47562,"comment_status":"open","ping_status":"open","sticky":false,"template":"","format":"standard","meta":{"footnotes":""},"categories":[3],"tags":[],"class_list":["post-47561","post","type-post","status-publish","format-standard","has-post-thumbnail","hentry","category-politica"],"_links":{"self":[{"href":"https:\/\/247stiri.ro\/index.php\/wp-json\/wp\/v2\/posts\/47561","targetHints":{"allow":["GET"]}}],"collection":[{"href":"https:\/\/247stiri.ro\/index.php\/wp-json\/wp\/v2\/posts"}],"about":[{"href":"https:\/\/247stiri.ro\/index.php\/wp-json\/wp\/v2\/types\/post"}],"replies":[{"embeddable":true,"href":"https:\/\/247stiri.ro\/index.php\/wp-json\/wp\/v2\/comments?post=47561"}],"version-history":[{"count":0,"href":"https:\/\/247stiri.ro\/index.php\/wp-json\/wp\/v2\/posts\/47561\/revisions"}],"wp:featuredmedia":[{"embeddable":true,"href":"https:\/\/247stiri.ro\/index.php\/wp-json\/wp\/v2\/media\/47562"}],"wp:attachment":[{"href":"https:\/\/247stiri.ro\/index.php\/wp-json\/wp\/v2\/media?parent=47561"}],"wp:term":[{"taxonomy":"category","embeddable":true,"href":"https:\/\/247stiri.ro\/index.php\/wp-json\/wp\/v2\/categories?post=47561"},{"taxonomy":"post_tag","embeddable":true,"href":"https:\/\/247stiri.ro\/index.php\/wp-json\/wp\/v2\/tags?post=47561"}],"curies":[{"name":"wp","href":"https:\/\/api.w.org\/{rel}","templated":true}]}}