{"id":47576,"date":"2025-04-16T09:44:48","date_gmt":"2025-04-16T09:44:48","guid":{"rendered":"https:\/\/247stiri.ro\/index.php\/2025\/04\/16\/alunecare-de-teren-de-amploare-intr-o-localitate-din-alba-zeci-de-case-sunt-afectate-oamenii-au-ramas-fara-apa-curenta-foto\/"},"modified":"2025-04-16T09:44:48","modified_gmt":"2025-04-16T09:44:48","slug":"alunecare-de-teren-de-amploare-intr-o-localitate-din-alba-zeci-de-case-sunt-afectate-oamenii-au-ramas-fara-apa-curenta-foto","status":"publish","type":"post","link":"https:\/\/247stiri.ro\/index.php\/2025\/04\/16\/alunecare-de-teren-de-amploare-intr-o-localitate-din-alba-zeci-de-case-sunt-afectate-oamenii-au-ramas-fara-apa-curenta-foto\/","title":{"rendered":"Alunecare de teren de amploare \u00eentr-o localitate din Alba. Zeci de case sunt afectate, oamenii au r\u0103mas f\u0103r\u0103 ap\u0103 curent\u0103 &#8211; FOTO"},"content":{"rendered":"<p>\u00cen satul Lunca din comuna Valea Lung\u0103 s-a produs, miercuri diminea\u021ba, o alunecare de teren pe o por\u021biune de circa 50 de metri. A fost afectat\u0103 structura drumului comunal 33 \u0219i totodat\u0103 accesul spre circa 56 de gospod\u0103rii.<\/p>\n<p>De asemenea, a fost rupt\u0103 conducta de alimentare cu ap\u0103, informeaz\u0103 <a href=\"https:\/\/alba24.ro\/avarie-la-reteaua-de-apa-in-valea-lunga-dupa-o-alunecare-de-teren-locuitori-fara-apa-conducta-rupta-1077457.html\" target=\"_blank\">Alba24<\/a>.<\/p>\n<p>La fa\u021ba locului s-au deplasat membrii din componen\u021ba CJSU\/CLSU pentru evaluarea situa\u021biei \u00een teren.<\/p>\n<p>\u00cen urma acestei alunec\u0103rii de teren, acesul auto este restrictionat pentru 56 de case, unde locuiesc aproximativ 100 de persoane (f\u0103r\u0103 probleme medicale) care se afl\u0103 \u00een amonte, fiind afectat\u0103 \u0219i o conducta de ap\u0103 care alimenteaz\u0103 satul.<\/p>\n<p>La fa\u021ba locului s-au deplasat oficiali \u0219i o grup\u0103 operativ\u0103 a ISU Alba pentru monitorizarea situa\u021biei \u00een teren \u0219i dispunerea masurilor necesare.<\/p>\n<p>\u00a0\u00a0<\/p>\n<p>O falie de circa 2-3 metri cade spre valea Lunca. Zona este cunoscut\u0103 cu probleme de stabilitate a solului, fiind \u00eenregistrate \u0219i alte incidente de acest fel. \u00cen aceast\u0103 zon\u0103 sunt izvoare subterane.<\/p>\n<p>Potrivit edilului, a fost \u00eentocmit\u0103 \u0219i depus\u0103 documenta\u021bie pentru consolidarea zonei, \u00eenc\u0103 de acum patru ani \u0219i se a\u0219teapt\u0103 finan\u021bare.<\/p>\n<p>\u00a0<\/p>\n<p>\u00a0<\/p>","protected":false},"excerpt":{"rendered":"<p>\u00cen satul Lunca din comuna Valea Lung\u0103 s-a produs, miercuri diminea\u021ba, o alunecare de teren&hellip;<\/p>\n","protected":false},"author":0,"featured_media":47577,"comment_status":"open","ping_status":"open","sticky":false,"template":"","format":"standard","meta":{"footnotes":""},"categories":[2],"tags":[],"class_list":["post-47576","post","type-post","status-publish","format-standard","has-post-thumbnail","hentry","category-actual"],"_links":{"self":[{"href":"https:\/\/247stiri.ro\/index.php\/wp-json\/wp\/v2\/posts\/47576","targetHints":{"allow":["GET"]}}],"collection":[{"href":"https:\/\/247stiri.ro\/index.php\/wp-json\/wp\/v2\/posts"}],"about":[{"href":"https:\/\/247stiri.ro\/index.php\/wp-json\/wp\/v2\/types\/post"}],"replies":[{"embeddable":true,"href":"https:\/\/247stiri.ro\/index.php\/wp-json\/wp\/v2\/comments?post=47576"}],"version-history":[{"count":0,"href":"https:\/\/247stiri.ro\/index.php\/wp-json\/wp\/v2\/posts\/47576\/revisions"}],"wp:featuredmedia":[{"embeddable":true,"href":"https:\/\/247stiri.ro\/index.php\/wp-json\/wp\/v2\/media\/47577"}],"wp:attachment":[{"href":"https:\/\/247stiri.ro\/index.php\/wp-json\/wp\/v2\/media?parent=47576"}],"wp:term":[{"taxonomy":"category","embeddable":true,"href":"https:\/\/247stiri.ro\/index.php\/wp-json\/wp\/v2\/categories?post=47576"},{"taxonomy":"post_tag","embeddable":true,"href":"https:\/\/247stiri.ro\/index.php\/wp-json\/wp\/v2\/tags?post=47576"}],"curies":[{"name":"wp","href":"https:\/\/api.w.org\/{rel}","templated":true}]}}