{"id":47581,"date":"2025-04-16T09:44:50","date_gmt":"2025-04-16T09:44:50","guid":{"rendered":"https:\/\/247stiri.ro\/index.php\/2025\/04\/16\/romanii-vor-putea-circula-pe-autostrada-de-la-curtea-de-arges-la-bucuresti-din-luna-mai-imagini-cu-drona-cum-arata-sectiunea-gata-de-inaugurare\/"},"modified":"2025-04-16T09:44:50","modified_gmt":"2025-04-16T09:44:50","slug":"romanii-vor-putea-circula-pe-autostrada-de-la-curtea-de-arges-la-bucuresti-din-luna-mai-imagini-cu-drona-cum-arata-sectiunea-gata-de-inaugurare","status":"publish","type":"post","link":"https:\/\/247stiri.ro\/index.php\/2025\/04\/16\/romanii-vor-putea-circula-pe-autostrada-de-la-curtea-de-arges-la-bucuresti-din-luna-mai-imagini-cu-drona-cum-arata-sectiunea-gata-de-inaugurare\/","title":{"rendered":"Rom\u00e2nii vor putea circula pe autostrad\u0103 de la Curtea de Arge\u0219 la Bucure\u0219ti din luna mai. Imagini cu drona &#8211; cum arat\u0103 sec\u021biunea gata de inaugurare"},"content":{"rendered":"<p>\u201dAutostrada Sibiu &#8211; Pite\u0219ti (A1): din ce \u00een ce mai aproape de deschiderea circula\u021biei pe \u00eentreaga sec\u021biune Pite\u0219ti &#8211; Curtea de Arge\u0219 (30,35 km)! Antreprenorul italian (Webuild SPA) execut\u0103 ultimele lucr\u0103ri \u00eenaintea deschiderii circula\u021biei, la finalul lunii viitoare, \u0219i pe cei 14,65 km dintre nodul rutier B\u0103icule\u0219ti \u0219i Curtea de Arge\u0219\u201d, a anun\u021bat, miercuri, directorul general al Companiei Na\u021bionale de Administrare a Infrastructurii Rutiere (CNAIR), Cristian Pistol.Potrivit unei post\u0103ri pe pagina sa de Facebook, de luna viitoare se va putea circula pe autostrad\u0103, de la Curtea de Arge\u0219 la Bucure\u0219ti, pe o distan\u021b\u0103 de aproximativ 140 km.<\/p>\n\n<p>\u201dAnul trecut a fost deja deschis\u0103 circula\u021bia pe aproximativ jum\u0103tate din aceast\u0103 sec\u021biune de autostrad\u0103 (15,7 km) \u00eentre Bascov \u0219i nodul rutier B\u0103icule\u0219ti. Practic, din luna mai, anul acesta (2025), se va putea circula pe autostrad\u0103, de la Curtea de Arge\u0219 la Bucure\u0219ti, pe o distan\u021b\u0103 de aproximativ 140 km\u201d, a mai scris oficialul CNAIR.\u00a0<\/p>\n<p><a title=\"Accident spectaculos pe o autostrada din Germania: un sofer de 83 de ani a distrus un Lamborghini de 200.000 de euro, dar a scapat teafar\" href=\"https:\/\/www.realitatea.net\/stiri\/extern\/accident-spectaculos-pe-o-autostrada-din-germania-un-sofer-de-83-de-ani-a-distrus-un-lamborghini-de-200000-de-euro-dar-a-scapat-teafar_67f54d824154c743d74426fb\">Accident spectaculos pe o autostrad\u0103 din Germania: un \u0219ofer de 83 de ani a distrus un Lamborghini de 200.000 de euro, dar a sc\u0103pat teaf\u0103r<\/a><\/p>","protected":false},"excerpt":{"rendered":"<p>\u201dAutostrada Sibiu &#8211; Pite\u0219ti (A1): din ce \u00een ce mai aproape de deschiderea circula\u021biei pe&hellip;<\/p>\n","protected":false},"author":0,"featured_media":47582,"comment_status":"open","ping_status":"open","sticky":false,"template":"","format":"standard","meta":{"footnotes":""},"categories":[2],"tags":[],"class_list":["post-47581","post","type-post","status-publish","format-standard","has-post-thumbnail","hentry","category-actual"],"_links":{"self":[{"href":"https:\/\/247stiri.ro\/index.php\/wp-json\/wp\/v2\/posts\/47581","targetHints":{"allow":["GET"]}}],"collection":[{"href":"https:\/\/247stiri.ro\/index.php\/wp-json\/wp\/v2\/posts"}],"about":[{"href":"https:\/\/247stiri.ro\/index.php\/wp-json\/wp\/v2\/types\/post"}],"replies":[{"embeddable":true,"href":"https:\/\/247stiri.ro\/index.php\/wp-json\/wp\/v2\/comments?post=47581"}],"version-history":[{"count":0,"href":"https:\/\/247stiri.ro\/index.php\/wp-json\/wp\/v2\/posts\/47581\/revisions"}],"wp:featuredmedia":[{"embeddable":true,"href":"https:\/\/247stiri.ro\/index.php\/wp-json\/wp\/v2\/media\/47582"}],"wp:attachment":[{"href":"https:\/\/247stiri.ro\/index.php\/wp-json\/wp\/v2\/media?parent=47581"}],"wp:term":[{"taxonomy":"category","embeddable":true,"href":"https:\/\/247stiri.ro\/index.php\/wp-json\/wp\/v2\/categories?post=47581"},{"taxonomy":"post_tag","embeddable":true,"href":"https:\/\/247stiri.ro\/index.php\/wp-json\/wp\/v2\/tags?post=47581"}],"curies":[{"name":"wp","href":"https:\/\/api.w.org\/{rel}","templated":true}]}}