{"id":47591,"date":"2025-04-16T10:44:54","date_gmt":"2025-04-16T10:44:54","guid":{"rendered":"https:\/\/247stiri.ro\/index.php\/2025\/04\/16\/ansvsa-stabileste-un-nou-record-o-tona-de-carne-de-miel-oprita-la-intrarea-in-bucuresti-2\/"},"modified":"2025-04-16T10:44:54","modified_gmt":"2025-04-16T10:44:54","slug":"ansvsa-stabileste-un-nou-record-o-tona-de-carne-de-miel-oprita-la-intrarea-in-bucuresti-2","status":"publish","type":"post","link":"https:\/\/247stiri.ro\/index.php\/2025\/04\/16\/ansvsa-stabileste-un-nou-record-o-tona-de-carne-de-miel-oprita-la-intrarea-in-bucuresti-2\/","title":{"rendered":"ANSVSA stabile\u0219te un nou record &#8211; O TON\u0102 de carne de miel, oprit\u0103 la intrarea \u00een Bucure\u0219ti"},"content":{"rendered":"<p>\u201d\u00cen diminea\u021ba zilei de 16.04.2026, inspectorii ANSVSA, \u00eempreun\u0103 cu reprezentan\u021bi ai Poli\u021biei Municipiului Bucure\u0219ti, au interceptat pe Bd. Iuliu Maniu, la cap\u0103tul autostr\u0103zii A1, un autovehicul care transporta peste 1.025 kilograme de carcase de ovine f\u0103r\u0103 documente legale \u0219i f\u0103r\u0103 marc\u0103 de s\u0103n\u0103tate. Carnea a fost denaturat\u0103 \u0219i transportat\u0103 c\u0103tre o unitate de neutralizare, iar persoana implicat\u0103 a fost sanc\u021bionat\u0103 contraven\u021bional, conform prevederilor legale\u201d, se arat\u0103 \u00eentr-un comunicat al ANSVSA.Autoritatea recomand\u0103 consumatorilor s\u0103 achizi\u021bioneze produse alimentare doar din unit\u0103\u021bi autorizate, care func\u021bioneaz\u0103 sub control sanitar-veterinar.\u201d\u00cen aceast\u0103 perioad\u0103, inspectorii sanitari veterinari efectueaz\u0103 controale riguroase \u00een trafic, pentru a preveni riscurile legate de siguran\u021ba alimentar\u0103. Abaterile de la legisla\u021bia \u00een vigoare nu vor fi tolerate!\u201d, avertizeaz\u0103 reprezentan\u021bii institu\u021biei.<\/p>\n<p><a title=\"Virusul febrei aftoase, tot mai multe victime in Romania. ANSVSA trage un semnal de alarma si face apel la responsabilitate si vigilenta\" href=\"https:\/\/www.realitatea.net\/stiri\/actual\/virusul-febrei-aftoase-face-tot-mai-multe-victime-in-romania-ansvsa-trage-un-semnal-de-alarma-si-face-apel-la-responsabilitate-si-vigilenta_67e508304abf7a049779793b\">Virusul febrei aftoase, tot mai multe victime \u00een Romania. ANSVSA trage un semnal de alarm\u0103 \u015fi face apel la responsabilitate \u015fi vigilen\u0163\u0103<\/a><\/p>","protected":false},"excerpt":{"rendered":"<p>\u201d\u00cen diminea\u021ba zilei de 16.04.2026, inspectorii ANSVSA, \u00eempreun\u0103 cu reprezentan\u021bi ai Poli\u021biei Municipiului Bucure\u0219ti, au&hellip;<\/p>\n","protected":false},"author":0,"featured_media":47590,"comment_status":"open","ping_status":"open","sticky":false,"template":"","format":"standard","meta":{"footnotes":""},"categories":[2],"tags":[],"class_list":["post-47591","post","type-post","status-publish","format-standard","has-post-thumbnail","hentry","category-actual"],"_links":{"self":[{"href":"https:\/\/247stiri.ro\/index.php\/wp-json\/wp\/v2\/posts\/47591","targetHints":{"allow":["GET"]}}],"collection":[{"href":"https:\/\/247stiri.ro\/index.php\/wp-json\/wp\/v2\/posts"}],"about":[{"href":"https:\/\/247stiri.ro\/index.php\/wp-json\/wp\/v2\/types\/post"}],"replies":[{"embeddable":true,"href":"https:\/\/247stiri.ro\/index.php\/wp-json\/wp\/v2\/comments?post=47591"}],"version-history":[{"count":0,"href":"https:\/\/247stiri.ro\/index.php\/wp-json\/wp\/v2\/posts\/47591\/revisions"}],"wp:featuredmedia":[{"embeddable":true,"href":"https:\/\/247stiri.ro\/index.php\/wp-json\/wp\/v2\/media\/47590"}],"wp:attachment":[{"href":"https:\/\/247stiri.ro\/index.php\/wp-json\/wp\/v2\/media?parent=47591"}],"wp:term":[{"taxonomy":"category","embeddable":true,"href":"https:\/\/247stiri.ro\/index.php\/wp-json\/wp\/v2\/categories?post=47591"},{"taxonomy":"post_tag","embeddable":true,"href":"https:\/\/247stiri.ro\/index.php\/wp-json\/wp\/v2\/tags?post=47591"}],"curies":[{"name":"wp","href":"https:\/\/api.w.org\/{rel}","templated":true}]}}